{"id":4271,"date":"2024-10-16T11:56:55","date_gmt":"2024-10-16T09:56:55","guid":{"rendered":"https:\/\/petrerjove.com\/iniciativa-a-la-mar-2025-promovent-laprenentatge-dels-esports-nautics-i-el-respecte-al-medi-mari\/"},"modified":"2024-10-16T11:58:39","modified_gmt":"2024-10-16T09:58:39","slug":"iniciativa-a-la-mar-2025-promovent-laprenentatge-dels-esports-nautics-i-el-respecte-al-medi-mari","status":"publish","type":"post","link":"https:\/\/petrerjove.com\/ca\/iniciativa-a-la-mar-2025-promovent-laprenentatge-dels-esports-nautics-i-el-respecte-al-medi-mari\/","title":{"rendered":"Iniciativa &#8216;A la Mar 2025&#8217;: Promovent l&#8217;Aprenentatge dels Esports N\u00e0utics i el Respecte al Medi Mar\u00ed"},"content":{"rendered":"\n<p>La Generalitat Valenciana, a trav\u00e9s de la Direcci\u00f3 General d&#8217;Esport i l&#8217;Institut Valenci\u00e0 de la Joventut (IVAJ), ha llan\u00e7at la campanya d&#8217;activitats n\u00e0utiques &#8216;A la Mar 2025&#8217; i el Programa Blau, amb l&#8217;objectiu de fomentar l&#8217;aprenentatge i la difusi\u00f3 dels esports n\u00e0utics, aix\u00ed com el coneixement, conservaci\u00f3 i respecte del medi mar\u00ed.<\/p>\n\n<h3 class=\"wp-block-heading\">Activitats per a Tothom<\/h3>\n\n<p>Aquest programa est\u00e0 dissenyat per a tota la ciutadania, parant especial atenci\u00f3 als joves en edat escolar. Les activitats, que es desenvoluparan entre febrer i juny i de setembre a novembre, ofereixen una excel\u00b7lent oportunitat perqu\u00e8 els estudiants es familiaritzin amb el m\u00f3n de la navegaci\u00f3 mitjan\u00e7ant la pr\u00e0ctica de diverses modalitats n\u00e0utiques.<\/p>\n\n<h3 class=\"wp-block-heading\">Inscripcions a Partir del 15 d&#8217;octubre<\/h3>\n\n<p>Les inscripcions s&#8217;obriran el 15 d&#8217;octubre a les 10.00 hores a trav\u00e9s de la p\u00e0gina web d&#8217;Escoles de la Mar Generalitat. Aquest any, hi podran participar centres escolars des de prim\u00e0ria fins a batxillerat, universitats, associacions juvenils, ajuntaments, clubs esportius i altres entitats que compleixin els requisits d&#8217;inscripci\u00f3 establerts.<\/p>\n\n<h3 class=\"wp-block-heading\">Varietat d&#8217;activitats<\/h3>\n\n<p>El Programa Blau inclou diverses modalitats, com la <strong>Setmana Blava<\/strong>, on s&#8217;impartiran classes te\u00f2riques i pr\u00e0ctiques de vela, pirag\u00fcisme i surf de vela durant una setmana completa. A m\u00e9s, s&#8217;oferir\u00e0 el <strong>Dia Blau<\/strong>, una jornada d&#8217;introducci\u00f3 a l&#8217;activitat n\u00e0utica amb classes te\u00f2riques i pr\u00e0ctiques, i <strong>Divers Dies Blaus<\/strong>, que consisteixen en dies consecutius d&#8217;activitats amb pernoctaci\u00f3 .<\/p>\n\n<p>Les activitats no nom\u00e9s estan adre\u00e7ades als escolars, sin\u00f3 tamb\u00e9 a la ciutadania en general. Es programen sessions de cap de setmana, distribu\u00efdes en tres dies d&#8217;activitats te\u00f2riques i pr\u00e0ctiques, amb un enfocament recreatiu i l\u00fadic perqu\u00e8 tothom pugui gaudir i aprendre sobre els esports n\u00e0utics.<\/p>\n\n<h3 class=\"wp-block-heading\">Experi\u00e8ncies \u00daniques al Mar<\/h3>\n\n<p>A m\u00e9s, es duran a terme activitats especials a l&#8217;Escola de Mar de Borriana ia la goleta Tirant Primer, que permetran als participants apropar-se al m\u00f3n de la navegaci\u00f3 a vela i aprendre sobre el medi mar\u00ed a trav\u00e9s d&#8217;experi\u00e8ncies pr\u00e0ctiques a bord.<\/p>\n\n<p>El programa tamb\u00e9 inclou un <strong>Curs de Multiactivitat N\u00e0utica en Angl\u00e8s<\/strong> durant la Setmana de Pasqua, destinat a nens i joves des de 3r de prim\u00e0ria fins als 16 anys.<\/p>\n\n<p>No perdis l&#8217;oportunitat de submergir-te en aquesta experi\u00e8ncia \u00fanica. Prepara&#8217;t per navegar i aprendre sobre el mar a \u2018A la Mar 2025\u2019!<\/p>\n","protected":false},"excerpt":{"rendered":"<p>La Generalitat Valenciana, a trav\u00e9s de la Direcci\u00f3 General d&#8217;Esport i l&#8217;Institut Valenci\u00e0 de la Joventut (IVAJ), ha llan\u00e7at la campanya d&#8217;activitats n\u00e0utiques &#8216;A la Mar 2025&#8217; i el Programa Blau, amb l&#8217;objectiu de fomentar l&#8217;aprenentatge i la difusi\u00f3 dels esports n\u00e0utics, aix\u00ed com el coneixement, conservaci\u00f3 i respecte del medi mar\u00ed. Activitats per a [&hellip;]<\/p>\n","protected":false},"author":1,"featured_media":4269,"comment_status":"closed","ping_status":"closed","sticky":false,"template":"","format":"standard","meta":{"footnotes":""},"categories":[60],"tags":[],"class_list":["post-4271","post","type-post","status-publish","format-standard","has-post-thumbnail","hentry","category-uncategorized-ca"],"yoast_head":"<!-- This site is optimized with the Yoast SEO plugin v27.5 - https:\/\/yoast.com\/product\/yoast-seo-wordpress\/ -->\n<title>Iniciativa &#039;A la Mar 2025&#039;: Promovent l&#039;Aprenentatge dels Esports N\u00e0utics i el Respecte al Medi Mar\u00ed - Petrer Jove<\/title>\n<meta name=\"robots\" content=\"index, follow, max-snippet:-1, max-image-preview:large, max-video-preview:-1\" \/>\n<link rel=\"canonical\" href=\"https:\/\/petrerjove.com\/ca\/iniciativa-a-la-mar-2025-promovent-laprenentatge-dels-esports-nautics-i-el-respecte-al-medi-mari\/\" \/>\n<meta property=\"og:locale\" content=\"ca_ES\" \/>\n<meta property=\"og:type\" content=\"article\" \/>\n<meta property=\"og:title\" content=\"Iniciativa &#039;A la Mar 2025&#039;: Promovent l&#039;Aprenentatge dels Esports N\u00e0utics i el Respecte al Medi Mar\u00ed - Petrer Jove\" \/>\n<meta property=\"og:description\" content=\"La Generalitat Valenciana, a trav\u00e9s de la Direcci\u00f3 General d&#8217;Esport i l&#8217;Institut Valenci\u00e0 de la Joventut (IVAJ), ha llan\u00e7at la campanya d&#8217;activitats n\u00e0utiques &#8216;A la Mar 2025&#8217; i el Programa Blau, amb l&#8217;objectiu de fomentar l&#8217;aprenentatge i la difusi\u00f3 dels esports n\u00e0utics, aix\u00ed com el coneixement, conservaci\u00f3 i respecte del medi mar\u00ed. Activitats per a [&hellip;]\" \/>\n<meta property=\"og:url\" content=\"https:\/\/petrerjove.com\/ca\/iniciativa-a-la-mar-2025-promovent-laprenentatge-dels-esports-nautics-i-el-respecte-al-medi-mari\/\" \/>\n<meta property=\"og:site_name\" content=\"Petrer Jove\" \/>\n<meta property=\"article:publisher\" content=\"https:\/\/www.facebook.com\/petrerjoven\/\" \/>\n<meta property=\"article:published_time\" content=\"2024-10-16T09:56:55+00:00\" \/>\n<meta property=\"article:modified_time\" content=\"2024-10-16T09:58:39+00:00\" \/>\n<meta property=\"og:image\" content=\"https:\/\/petrerjove.com\/wp-content\/uploads\/2024\/10\/noticia_campanalamar-min.jpg\" \/>\n\t<meta property=\"og:image:width\" content=\"1140\" \/>\n\t<meta property=\"og:image:height\" content=\"766\" \/>\n\t<meta property=\"og:image:type\" content=\"image\/jpeg\" \/>\n<meta name=\"author\" content=\"Wabi\" \/>\n<meta name=\"twitter:card\" content=\"summary_large_image\" \/>\n<meta name=\"twitter:label1\" content=\"Escrit per\" \/>\n\t<meta name=\"twitter:data1\" content=\"Wabi\" \/>\n\t<meta name=\"twitter:label2\" content=\"Temps estimat de lectura\" \/>\n\t<meta name=\"twitter:data2\" content=\"2 minuts\" \/>\n<script type=\"application\/ld+json\" class=\"yoast-schema-graph\">{\"@context\":\"https:\\\/\\\/schema.org\",\"@graph\":[{\"@type\":\"Article\",\"@id\":\"https:\\\/\\\/petrerjove.com\\\/ca\\\/iniciativa-a-la-mar-2025-promovent-laprenentatge-dels-esports-nautics-i-el-respecte-al-medi-mari\\\/#article\",\"isPartOf\":{\"@id\":\"https:\\\/\\\/petrerjove.com\\\/ca\\\/iniciativa-a-la-mar-2025-promovent-laprenentatge-dels-esports-nautics-i-el-respecte-al-medi-mari\\\/\"},\"author\":{\"name\":\"Wabi\",\"@id\":\"https:\\\/\\\/petrerjove.com\\\/ca\\\/#\\\/schema\\\/person\\\/f7d459758517c59245ab6927ddfd5dec\"},\"headline\":\"Iniciativa &#8216;A la Mar 2025&#8217;: Promovent l&#8217;Aprenentatge dels Esports N\u00e0utics i el Respecte al Medi Mar\u00ed\",\"datePublished\":\"2024-10-16T09:56:55+00:00\",\"dateModified\":\"2024-10-16T09:58:39+00:00\",\"mainEntityOfPage\":{\"@id\":\"https:\\\/\\\/petrerjove.com\\\/ca\\\/iniciativa-a-la-mar-2025-promovent-laprenentatge-dels-esports-nautics-i-el-respecte-al-medi-mari\\\/\"},\"wordCount\":435,\"publisher\":{\"@id\":\"https:\\\/\\\/petrerjove.com\\\/ca\\\/#organization\"},\"image\":{\"@id\":\"https:\\\/\\\/petrerjove.com\\\/ca\\\/iniciativa-a-la-mar-2025-promovent-laprenentatge-dels-esports-nautics-i-el-respecte-al-medi-mari\\\/#primaryimage\"},\"thumbnailUrl\":\"https:\\\/\\\/petrerjove.com\\\/wp-content\\\/uploads\\\/2024\\\/10\\\/noticia_campanalamar-min.jpg\",\"articleSection\":[\"Uncategorized @ca\"],\"inLanguage\":\"ca\"},{\"@type\":\"WebPage\",\"@id\":\"https:\\\/\\\/petrerjove.com\\\/ca\\\/iniciativa-a-la-mar-2025-promovent-laprenentatge-dels-esports-nautics-i-el-respecte-al-medi-mari\\\/\",\"url\":\"https:\\\/\\\/petrerjove.com\\\/ca\\\/iniciativa-a-la-mar-2025-promovent-laprenentatge-dels-esports-nautics-i-el-respecte-al-medi-mari\\\/\",\"name\":\"Iniciativa 'A la Mar 2025': Promovent l'Aprenentatge dels Esports N\u00e0utics i el Respecte al Medi Mar\u00ed - Petrer Jove\",\"isPartOf\":{\"@id\":\"https:\\\/\\\/petrerjove.com\\\/ca\\\/#website\"},\"primaryImageOfPage\":{\"@id\":\"https:\\\/\\\/petrerjove.com\\\/ca\\\/iniciativa-a-la-mar-2025-promovent-laprenentatge-dels-esports-nautics-i-el-respecte-al-medi-mari\\\/#primaryimage\"},\"image\":{\"@id\":\"https:\\\/\\\/petrerjove.com\\\/ca\\\/iniciativa-a-la-mar-2025-promovent-laprenentatge-dels-esports-nautics-i-el-respecte-al-medi-mari\\\/#primaryimage\"},\"thumbnailUrl\":\"https:\\\/\\\/petrerjove.com\\\/wp-content\\\/uploads\\\/2024\\\/10\\\/noticia_campanalamar-min.jpg\",\"datePublished\":\"2024-10-16T09:56:55+00:00\",\"dateModified\":\"2024-10-16T09:58:39+00:00\",\"breadcrumb\":{\"@id\":\"https:\\\/\\\/petrerjove.com\\\/ca\\\/iniciativa-a-la-mar-2025-promovent-laprenentatge-dels-esports-nautics-i-el-respecte-al-medi-mari\\\/#breadcrumb\"},\"inLanguage\":\"ca\",\"potentialAction\":[{\"@type\":\"ReadAction\",\"target\":[\"https:\\\/\\\/petrerjove.com\\\/ca\\\/iniciativa-a-la-mar-2025-promovent-laprenentatge-dels-esports-nautics-i-el-respecte-al-medi-mari\\\/\"]}]},{\"@type\":\"ImageObject\",\"inLanguage\":\"ca\",\"@id\":\"https:\\\/\\\/petrerjove.com\\\/ca\\\/iniciativa-a-la-mar-2025-promovent-laprenentatge-dels-esports-nautics-i-el-respecte-al-medi-mari\\\/#primaryimage\",\"url\":\"https:\\\/\\\/petrerjove.com\\\/wp-content\\\/uploads\\\/2024\\\/10\\\/noticia_campanalamar-min.jpg\",\"contentUrl\":\"https:\\\/\\\/petrerjove.com\\\/wp-content\\\/uploads\\\/2024\\\/10\\\/noticia_campanalamar-min.jpg\",\"width\":1140,\"height\":766},{\"@type\":\"BreadcrumbList\",\"@id\":\"https:\\\/\\\/petrerjove.com\\\/ca\\\/iniciativa-a-la-mar-2025-promovent-laprenentatge-dels-esports-nautics-i-el-respecte-al-medi-mari\\\/#breadcrumb\",\"itemListElement\":[{\"@type\":\"ListItem\",\"position\":1,\"name\":\"Portada\",\"item\":\"https:\\\/\\\/petrerjove.com\\\/ca\\\/\"},{\"@type\":\"ListItem\",\"position\":2,\"name\":\"Iniciativa &#8216;A la Mar 2025&#8217;: Promovent l&#8217;Aprenentatge dels Esports N\u00e0utics i el Respecte al Medi Mar\u00ed\"}]},{\"@type\":\"WebSite\",\"@id\":\"https:\\\/\\\/petrerjove.com\\\/ca\\\/#website\",\"url\":\"https:\\\/\\\/petrerjove.com\\\/ca\\\/\",\"name\":\"Petrer Jove\",\"description\":\"Concejal\u00eda de Infancia y Juventud de Petrer\",\"publisher\":{\"@id\":\"https:\\\/\\\/petrerjove.com\\\/ca\\\/#organization\"},\"potentialAction\":[{\"@type\":\"SearchAction\",\"target\":{\"@type\":\"EntryPoint\",\"urlTemplate\":\"https:\\\/\\\/petrerjove.com\\\/ca\\\/?s={search_term_string}\"},\"query-input\":{\"@type\":\"PropertyValueSpecification\",\"valueRequired\":true,\"valueName\":\"search_term_string\"}}],\"inLanguage\":\"ca\"},{\"@type\":\"Organization\",\"@id\":\"https:\\\/\\\/petrerjove.com\\\/ca\\\/#organization\",\"name\":\"Concejal\u00eda de Juventud de Petrer\",\"url\":\"https:\\\/\\\/petrerjove.com\\\/ca\\\/\",\"logo\":{\"@type\":\"ImageObject\",\"inLanguage\":\"ca\",\"@id\":\"https:\\\/\\\/petrerjove.com\\\/ca\\\/#\\\/schema\\\/logo\\\/image\\\/\",\"url\":\"https:\\\/\\\/petrerjove.com\\\/wp-content\\\/uploads\\\/2024\\\/02\\\/petrerjove_horizontal.svg\",\"contentUrl\":\"https:\\\/\\\/petrerjove.com\\\/wp-content\\\/uploads\\\/2024\\\/02\\\/petrerjove_horizontal.svg\",\"width\":200,\"height\":70,\"caption\":\"Concejal\u00eda de Juventud de Petrer\"},\"image\":{\"@id\":\"https:\\\/\\\/petrerjove.com\\\/ca\\\/#\\\/schema\\\/logo\\\/image\\\/\"},\"sameAs\":[\"https:\\\/\\\/www.facebook.com\\\/petrerjoven\\\/\",\"https:\\\/\\\/www.instagram.com\\\/petrerjove\\\/\"]},{\"@type\":\"Person\",\"@id\":\"https:\\\/\\\/petrerjove.com\\\/ca\\\/#\\\/schema\\\/person\\\/f7d459758517c59245ab6927ddfd5dec\",\"name\":\"Wabi\",\"image\":{\"@type\":\"ImageObject\",\"inLanguage\":\"ca\",\"@id\":\"https:\\\/\\\/secure.gravatar.com\\\/avatar\\\/02e507ad392b247c4f9092c139a289489ff0fb50a86afa93e2f64721f1f6d2ff?s=96&d=mm&r=g\",\"url\":\"https:\\\/\\\/secure.gravatar.com\\\/avatar\\\/02e507ad392b247c4f9092c139a289489ff0fb50a86afa93e2f64721f1f6d2ff?s=96&d=mm&r=g\",\"contentUrl\":\"https:\\\/\\\/secure.gravatar.com\\\/avatar\\\/02e507ad392b247c4f9092c139a289489ff0fb50a86afa93e2f64721f1f6d2ff?s=96&d=mm&r=g\",\"caption\":\"Wabi\"},\"sameAs\":[\"https:\\\/\\\/petrerjove.com\"]}]}<\/script>\n<!-- \/ Yoast SEO plugin. -->","yoast_head_json":{"title":"Iniciativa 'A la Mar 2025': Promovent l'Aprenentatge dels Esports N\u00e0utics i el Respecte al Medi Mar\u00ed - Petrer Jove","robots":{"index":"index","follow":"follow","max-snippet":"max-snippet:-1","max-image-preview":"max-image-preview:large","max-video-preview":"max-video-preview:-1"},"canonical":"https:\/\/petrerjove.com\/ca\/iniciativa-a-la-mar-2025-promovent-laprenentatge-dels-esports-nautics-i-el-respecte-al-medi-mari\/","og_locale":"ca_ES","og_type":"article","og_title":"Iniciativa 'A la Mar 2025': Promovent l'Aprenentatge dels Esports N\u00e0utics i el Respecte al Medi Mar\u00ed - Petrer Jove","og_description":"La Generalitat Valenciana, a trav\u00e9s de la Direcci\u00f3 General d&#8217;Esport i l&#8217;Institut Valenci\u00e0 de la Joventut (IVAJ), ha llan\u00e7at la campanya d&#8217;activitats n\u00e0utiques &#8216;A la Mar 2025&#8217; i el Programa Blau, amb l&#8217;objectiu de fomentar l&#8217;aprenentatge i la difusi\u00f3 dels esports n\u00e0utics, aix\u00ed com el coneixement, conservaci\u00f3 i respecte del medi mar\u00ed. Activitats per a [&hellip;]","og_url":"https:\/\/petrerjove.com\/ca\/iniciativa-a-la-mar-2025-promovent-laprenentatge-dels-esports-nautics-i-el-respecte-al-medi-mari\/","og_site_name":"Petrer Jove","article_publisher":"https:\/\/www.facebook.com\/petrerjoven\/","article_published_time":"2024-10-16T09:56:55+00:00","article_modified_time":"2024-10-16T09:58:39+00:00","og_image":[{"width":1140,"height":766,"url":"https:\/\/petrerjove.com\/wp-content\/uploads\/2024\/10\/noticia_campanalamar-min.jpg","type":"image\/jpeg"}],"author":"Wabi","twitter_card":"summary_large_image","twitter_misc":{"Escrit per":"Wabi","Temps estimat de lectura":"2 minuts"},"schema":{"@context":"https:\/\/schema.org","@graph":[{"@type":"Article","@id":"https:\/\/petrerjove.com\/ca\/iniciativa-a-la-mar-2025-promovent-laprenentatge-dels-esports-nautics-i-el-respecte-al-medi-mari\/#article","isPartOf":{"@id":"https:\/\/petrerjove.com\/ca\/iniciativa-a-la-mar-2025-promovent-laprenentatge-dels-esports-nautics-i-el-respecte-al-medi-mari\/"},"author":{"name":"Wabi","@id":"https:\/\/petrerjove.com\/ca\/#\/schema\/person\/f7d459758517c59245ab6927ddfd5dec"},"headline":"Iniciativa &#8216;A la Mar 2025&#8217;: Promovent l&#8217;Aprenentatge dels Esports N\u00e0utics i el Respecte al Medi Mar\u00ed","datePublished":"2024-10-16T09:56:55+00:00","dateModified":"2024-10-16T09:58:39+00:00","mainEntityOfPage":{"@id":"https:\/\/petrerjove.com\/ca\/iniciativa-a-la-mar-2025-promovent-laprenentatge-dels-esports-nautics-i-el-respecte-al-medi-mari\/"},"wordCount":435,"publisher":{"@id":"https:\/\/petrerjove.com\/ca\/#organization"},"image":{"@id":"https:\/\/petrerjove.com\/ca\/iniciativa-a-la-mar-2025-promovent-laprenentatge-dels-esports-nautics-i-el-respecte-al-medi-mari\/#primaryimage"},"thumbnailUrl":"https:\/\/petrerjove.com\/wp-content\/uploads\/2024\/10\/noticia_campanalamar-min.jpg","articleSection":["Uncategorized @ca"],"inLanguage":"ca"},{"@type":"WebPage","@id":"https:\/\/petrerjove.com\/ca\/iniciativa-a-la-mar-2025-promovent-laprenentatge-dels-esports-nautics-i-el-respecte-al-medi-mari\/","url":"https:\/\/petrerjove.com\/ca\/iniciativa-a-la-mar-2025-promovent-laprenentatge-dels-esports-nautics-i-el-respecte-al-medi-mari\/","name":"Iniciativa 'A la Mar 2025': Promovent l'Aprenentatge dels Esports N\u00e0utics i el Respecte al Medi Mar\u00ed - Petrer Jove","isPartOf":{"@id":"https:\/\/petrerjove.com\/ca\/#website"},"primaryImageOfPage":{"@id":"https:\/\/petrerjove.com\/ca\/iniciativa-a-la-mar-2025-promovent-laprenentatge-dels-esports-nautics-i-el-respecte-al-medi-mari\/#primaryimage"},"image":{"@id":"https:\/\/petrerjove.com\/ca\/iniciativa-a-la-mar-2025-promovent-laprenentatge-dels-esports-nautics-i-el-respecte-al-medi-mari\/#primaryimage"},"thumbnailUrl":"https:\/\/petrerjove.com\/wp-content\/uploads\/2024\/10\/noticia_campanalamar-min.jpg","datePublished":"2024-10-16T09:56:55+00:00","dateModified":"2024-10-16T09:58:39+00:00","breadcrumb":{"@id":"https:\/\/petrerjove.com\/ca\/iniciativa-a-la-mar-2025-promovent-laprenentatge-dels-esports-nautics-i-el-respecte-al-medi-mari\/#breadcrumb"},"inLanguage":"ca","potentialAction":[{"@type":"ReadAction","target":["https:\/\/petrerjove.com\/ca\/iniciativa-a-la-mar-2025-promovent-laprenentatge-dels-esports-nautics-i-el-respecte-al-medi-mari\/"]}]},{"@type":"ImageObject","inLanguage":"ca","@id":"https:\/\/petrerjove.com\/ca\/iniciativa-a-la-mar-2025-promovent-laprenentatge-dels-esports-nautics-i-el-respecte-al-medi-mari\/#primaryimage","url":"https:\/\/petrerjove.com\/wp-content\/uploads\/2024\/10\/noticia_campanalamar-min.jpg","contentUrl":"https:\/\/petrerjove.com\/wp-content\/uploads\/2024\/10\/noticia_campanalamar-min.jpg","width":1140,"height":766},{"@type":"BreadcrumbList","@id":"https:\/\/petrerjove.com\/ca\/iniciativa-a-la-mar-2025-promovent-laprenentatge-dels-esports-nautics-i-el-respecte-al-medi-mari\/#breadcrumb","itemListElement":[{"@type":"ListItem","position":1,"name":"Portada","item":"https:\/\/petrerjove.com\/ca\/"},{"@type":"ListItem","position":2,"name":"Iniciativa &#8216;A la Mar 2025&#8217;: Promovent l&#8217;Aprenentatge dels Esports N\u00e0utics i el Respecte al Medi Mar\u00ed"}]},{"@type":"WebSite","@id":"https:\/\/petrerjove.com\/ca\/#website","url":"https:\/\/petrerjove.com\/ca\/","name":"Petrer Jove","description":"Concejal\u00eda de Infancia y Juventud de Petrer","publisher":{"@id":"https:\/\/petrerjove.com\/ca\/#organization"},"potentialAction":[{"@type":"SearchAction","target":{"@type":"EntryPoint","urlTemplate":"https:\/\/petrerjove.com\/ca\/?s={search_term_string}"},"query-input":{"@type":"PropertyValueSpecification","valueRequired":true,"valueName":"search_term_string"}}],"inLanguage":"ca"},{"@type":"Organization","@id":"https:\/\/petrerjove.com\/ca\/#organization","name":"Concejal\u00eda de Juventud de Petrer","url":"https:\/\/petrerjove.com\/ca\/","logo":{"@type":"ImageObject","inLanguage":"ca","@id":"https:\/\/petrerjove.com\/ca\/#\/schema\/logo\/image\/","url":"https:\/\/petrerjove.com\/wp-content\/uploads\/2024\/02\/petrerjove_horizontal.svg","contentUrl":"https:\/\/petrerjove.com\/wp-content\/uploads\/2024\/02\/petrerjove_horizontal.svg","width":200,"height":70,"caption":"Concejal\u00eda de Juventud de Petrer"},"image":{"@id":"https:\/\/petrerjove.com\/ca\/#\/schema\/logo\/image\/"},"sameAs":["https:\/\/www.facebook.com\/petrerjoven\/","https:\/\/www.instagram.com\/petrerjove\/"]},{"@type":"Person","@id":"https:\/\/petrerjove.com\/ca\/#\/schema\/person\/f7d459758517c59245ab6927ddfd5dec","name":"Wabi","image":{"@type":"ImageObject","inLanguage":"ca","@id":"https:\/\/secure.gravatar.com\/avatar\/02e507ad392b247c4f9092c139a289489ff0fb50a86afa93e2f64721f1f6d2ff?s=96&d=mm&r=g","url":"https:\/\/secure.gravatar.com\/avatar\/02e507ad392b247c4f9092c139a289489ff0fb50a86afa93e2f64721f1f6d2ff?s=96&d=mm&r=g","contentUrl":"https:\/\/secure.gravatar.com\/avatar\/02e507ad392b247c4f9092c139a289489ff0fb50a86afa93e2f64721f1f6d2ff?s=96&d=mm&r=g","caption":"Wabi"},"sameAs":["https:\/\/petrerjove.com"]}]}},"_links":{"self":[{"href":"https:\/\/petrerjove.com\/ca\/wp-json\/wp\/v2\/posts\/4271","targetHints":{"allow":["GET"]}}],"collection":[{"href":"https:\/\/petrerjove.com\/ca\/wp-json\/wp\/v2\/posts"}],"about":[{"href":"https:\/\/petrerjove.com\/ca\/wp-json\/wp\/v2\/types\/post"}],"author":[{"embeddable":true,"href":"https:\/\/petrerjove.com\/ca\/wp-json\/wp\/v2\/users\/1"}],"replies":[{"embeddable":true,"href":"https:\/\/petrerjove.com\/ca\/wp-json\/wp\/v2\/comments?post=4271"}],"version-history":[{"count":1,"href":"https:\/\/petrerjove.com\/ca\/wp-json\/wp\/v2\/posts\/4271\/revisions"}],"predecessor-version":[{"id":4272,"href":"https:\/\/petrerjove.com\/ca\/wp-json\/wp\/v2\/posts\/4271\/revisions\/4272"}],"wp:featuredmedia":[{"embeddable":true,"href":"https:\/\/petrerjove.com\/ca\/wp-json\/wp\/v2\/media\/4269"}],"wp:attachment":[{"href":"https:\/\/petrerjove.com\/ca\/wp-json\/wp\/v2\/media?parent=4271"}],"wp:term":[{"taxonomy":"category","embeddable":true,"href":"https:\/\/petrerjove.com\/ca\/wp-json\/wp\/v2\/categories?post=4271"},{"taxonomy":"post_tag","embeddable":true,"href":"https:\/\/petrerjove.com\/ca\/wp-json\/wp\/v2\/tags?post=4271"}],"curies":[{"name":"wp","href":"https:\/\/api.w.org\/{rel}","templated":true}]}}