{"id":3706,"date":"2024-07-02T14:09:28","date_gmt":"2024-07-02T12:09:28","guid":{"rendered":"https:\/\/petrerjove.com\/celebracio-del-dia-de-lorgull-friki-a-petrer\/"},"modified":"2024-07-02T14:11:15","modified_gmt":"2024-07-02T12:11:15","slug":"celebracio-del-dia-de-lorgull-friki-a-petrer","status":"publish","type":"post","link":"https:\/\/petrerjove.com\/ca\/celebracio-del-dia-de-lorgull-friki-a-petrer\/","title":{"rendered":"Celebraci\u00f3 del Dia de l&#8217;Orgull Friki a Petrer"},"content":{"rendered":"\n<h5 class=\"wp-block-heading\">El proper dissabte, 25 de maig, al Casal de la Joventut<\/h5>\n\n<p>La regidoria d\u00b4Inf\u00e0ncia i Joventut de l\u00b4Ajuntament de Petrer ha organitzat una s\u00e8rie d\u00b4activitats per al proper 25 de maig amb motiu de la celebraci\u00f3 del Dia de l\u00b4Orgull Friki. Aquesta iniciativa, que se celebra anualment, t\u00e9 com a objectiu promoure i valorar la cultura geek, destacant-ne la import\u00e0ncia cultural i contracultural.<\/p>\n\n<p>El Dia de l&#8217;Orgull Geek, tamb\u00e9 conegut a Espanya com el Dia de l&#8217;Orgull Friki, se celebra cada 25 de maig en commemoraci\u00f3 del llan\u00e7ament de la pel\u00b7l\u00edcula La Guerra de les Gal\u00e0xies; el 1977.<\/p>\n\n<p>La celebraci\u00f3 a Petrer inclour\u00e0 les activitats seg\u00fcents:<\/p>\n\n<p>19:00 hores:<br\/>\u2013 Zombies vs Supervivents: Un emocionant joc interactiu que enfrontar\u00e0<br\/>els participants en un desafiament de superviv\u00e8ncia.<\/p>\n\n<p>\u2013 Zona Friki de Jocs + Xerrada sobre Jocs Alternatius: Un espai dedicat<br\/>a jocs geek amb una interessant xerrada sobre jocs alternatius.<\/p>\n\n<p>\u2013 Concurs de Cosplay. Una oportunitat perqu\u00e8 els participants mostrin les millors<br\/>disfresses.<\/p>\n\n<p>22:30 hores:<br\/>Picoteig\/Sopar: Un moment per gaudir d&#8217;una pica-pica en bona companyia.<\/p>\n\n<p>23:00 hores:<br\/>Projecci\u00f3 de la pel\u00b7l\u00edcula \u00ab<el>Retorn al Futur\u00ab: Una cl\u00e0ssica i estimada pel\u00b7l\u00edcula que ser\u00e0 projectada per a tots els assistents.<\/el><\/p>\n\n<p>Les activitats estan adre\u00e7ades a tots els entusiastes de la cultura geek i es duran a terme al Casal de la Joventut.<\/p>\n\n<figure class=\"wp-block-image aligncenter is-resized\"><img decoding=\"async\" src=\"https:\/\/petrer.es\/wp-content\/uploads\/2024\/05\/orgullo-friki-764x1080.png\" alt=\"\" class=\"wp-image-66289\" style=\"width:350px\"\/><\/figure>\n","protected":false},"excerpt":{"rendered":"<p>El proper dissabte, 25 de maig, al Casal de la Joventut La regidoria d\u00b4Inf\u00e0ncia i Joventut de l\u00b4Ajuntament de Petrer ha organitzat una s\u00e8rie d\u00b4activitats per al proper 25 de maig amb motiu de la celebraci\u00f3 del Dia de l\u00b4Orgull Friki. Aquesta iniciativa, que se celebra anualment, t\u00e9 com a objectiu promoure i valorar la [&hellip;]<\/p>\n","protected":false},"author":1,"featured_media":3704,"comment_status":"closed","ping_status":"closed","sticky":false,"template":"","format":"standard","meta":{"footnotes":""},"categories":[60],"tags":[],"class_list":["post-3706","post","type-post","status-publish","format-standard","has-post-thumbnail","hentry","category-uncategorized-ca"],"yoast_head":"<!-- This site is optimized with the Yoast SEO plugin v27.5 - https:\/\/yoast.com\/product\/yoast-seo-wordpress\/ -->\n<title>Celebraci\u00f3 del Dia de l&#039;Orgull Friki a Petrer - Petrer Jove<\/title>\n<meta name=\"description\" content=\"Celebraci\u00f3 del Dia de l&#039;Orgull Friki a Petrer\" \/>\n<meta name=\"robots\" content=\"index, follow, max-snippet:-1, max-image-preview:large, max-video-preview:-1\" \/>\n<link rel=\"canonical\" href=\"https:\/\/petrerjove.com\/ca\/celebracio-del-dia-de-lorgull-friki-a-petrer\/\" \/>\n<meta property=\"og:locale\" content=\"ca_ES\" \/>\n<meta property=\"og:type\" content=\"article\" \/>\n<meta property=\"og:title\" content=\"Celebraci\u00f3 del Dia de l&#039;Orgull Friki a Petrer - Petrer Jove\" \/>\n<meta property=\"og:description\" content=\"Celebraci\u00f3 del Dia de l&#039;Orgull Friki a Petrer\" \/>\n<meta property=\"og:url\" content=\"https:\/\/petrerjove.com\/ca\/celebracio-del-dia-de-lorgull-friki-a-petrer\/\" \/>\n<meta property=\"og:site_name\" content=\"Petrer Jove\" \/>\n<meta property=\"article:publisher\" content=\"https:\/\/www.facebook.com\/petrerjoven\/\" \/>\n<meta property=\"article:published_time\" content=\"2024-07-02T12:09:28+00:00\" \/>\n<meta property=\"article:modified_time\" content=\"2024-07-02T12:11:15+00:00\" \/>\n<meta property=\"og:image\" content=\"https:\/\/petrerjove.com\/wp-content\/uploads\/2024\/07\/noticia_friki-min.jpg\" \/>\n\t<meta property=\"og:image:width\" content=\"1140\" \/>\n\t<meta property=\"og:image:height\" content=\"766\" \/>\n\t<meta property=\"og:image:type\" content=\"image\/jpeg\" \/>\n<meta name=\"author\" content=\"Wabi\" \/>\n<meta name=\"twitter:card\" content=\"summary_large_image\" \/>\n<meta name=\"twitter:label1\" content=\"Escrit per\" \/>\n\t<meta name=\"twitter:data1\" content=\"Wabi\" \/>\n\t<meta name=\"twitter:label2\" content=\"Temps estimat de lectura\" \/>\n\t<meta name=\"twitter:data2\" content=\"1 minut\" \/>\n<script type=\"application\/ld+json\" class=\"yoast-schema-graph\">{\"@context\":\"https:\\\/\\\/schema.org\",\"@graph\":[{\"@type\":\"Article\",\"@id\":\"https:\\\/\\\/petrerjove.com\\\/ca\\\/celebracio-del-dia-de-lorgull-friki-a-petrer\\\/#article\",\"isPartOf\":{\"@id\":\"https:\\\/\\\/petrerjove.com\\\/ca\\\/celebracio-del-dia-de-lorgull-friki-a-petrer\\\/\"},\"author\":{\"name\":\"Wabi\",\"@id\":\"https:\\\/\\\/petrerjove.com\\\/ca\\\/#\\\/schema\\\/person\\\/f7d459758517c59245ab6927ddfd5dec\"},\"headline\":\"Celebraci\u00f3 del Dia de l&#8217;Orgull Friki a Petrer\",\"datePublished\":\"2024-07-02T12:09:28+00:00\",\"dateModified\":\"2024-07-02T12:11:15+00:00\",\"mainEntityOfPage\":{\"@id\":\"https:\\\/\\\/petrerjove.com\\\/ca\\\/celebracio-del-dia-de-lorgull-friki-a-petrer\\\/\"},\"wordCount\":236,\"publisher\":{\"@id\":\"https:\\\/\\\/petrerjove.com\\\/ca\\\/#organization\"},\"image\":{\"@id\":\"https:\\\/\\\/petrerjove.com\\\/ca\\\/celebracio-del-dia-de-lorgull-friki-a-petrer\\\/#primaryimage\"},\"thumbnailUrl\":\"https:\\\/\\\/petrerjove.com\\\/wp-content\\\/uploads\\\/2024\\\/07\\\/noticia_friki-min.jpg\",\"articleSection\":[\"Uncategorized @ca\"],\"inLanguage\":\"ca\"},{\"@type\":\"WebPage\",\"@id\":\"https:\\\/\\\/petrerjove.com\\\/ca\\\/celebracio-del-dia-de-lorgull-friki-a-petrer\\\/\",\"url\":\"https:\\\/\\\/petrerjove.com\\\/ca\\\/celebracio-del-dia-de-lorgull-friki-a-petrer\\\/\",\"name\":\"Celebraci\u00f3 del Dia de l'Orgull Friki a Petrer - Petrer Jove\",\"isPartOf\":{\"@id\":\"https:\\\/\\\/petrerjove.com\\\/ca\\\/#website\"},\"primaryImageOfPage\":{\"@id\":\"https:\\\/\\\/petrerjove.com\\\/ca\\\/celebracio-del-dia-de-lorgull-friki-a-petrer\\\/#primaryimage\"},\"image\":{\"@id\":\"https:\\\/\\\/petrerjove.com\\\/ca\\\/celebracio-del-dia-de-lorgull-friki-a-petrer\\\/#primaryimage\"},\"thumbnailUrl\":\"https:\\\/\\\/petrerjove.com\\\/wp-content\\\/uploads\\\/2024\\\/07\\\/noticia_friki-min.jpg\",\"datePublished\":\"2024-07-02T12:09:28+00:00\",\"dateModified\":\"2024-07-02T12:11:15+00:00\",\"description\":\"Celebraci\u00f3 del Dia de l'Orgull Friki a Petrer\",\"breadcrumb\":{\"@id\":\"https:\\\/\\\/petrerjove.com\\\/ca\\\/celebracio-del-dia-de-lorgull-friki-a-petrer\\\/#breadcrumb\"},\"inLanguage\":\"ca\",\"potentialAction\":[{\"@type\":\"ReadAction\",\"target\":[\"https:\\\/\\\/petrerjove.com\\\/ca\\\/celebracio-del-dia-de-lorgull-friki-a-petrer\\\/\"]}]},{\"@type\":\"ImageObject\",\"inLanguage\":\"ca\",\"@id\":\"https:\\\/\\\/petrerjove.com\\\/ca\\\/celebracio-del-dia-de-lorgull-friki-a-petrer\\\/#primaryimage\",\"url\":\"https:\\\/\\\/petrerjove.com\\\/wp-content\\\/uploads\\\/2024\\\/07\\\/noticia_friki-min.jpg\",\"contentUrl\":\"https:\\\/\\\/petrerjove.com\\\/wp-content\\\/uploads\\\/2024\\\/07\\\/noticia_friki-min.jpg\",\"width\":1140,\"height\":766},{\"@type\":\"BreadcrumbList\",\"@id\":\"https:\\\/\\\/petrerjove.com\\\/ca\\\/celebracio-del-dia-de-lorgull-friki-a-petrer\\\/#breadcrumb\",\"itemListElement\":[{\"@type\":\"ListItem\",\"position\":1,\"name\":\"Portada\",\"item\":\"https:\\\/\\\/petrerjove.com\\\/ca\\\/\"},{\"@type\":\"ListItem\",\"position\":2,\"name\":\"Celebraci\u00f3 del Dia de l&#8217;Orgull Friki a Petrer\"}]},{\"@type\":\"WebSite\",\"@id\":\"https:\\\/\\\/petrerjove.com\\\/ca\\\/#website\",\"url\":\"https:\\\/\\\/petrerjove.com\\\/ca\\\/\",\"name\":\"Petrer Jove\",\"description\":\"Concejal\u00eda de Infancia y Juventud de Petrer\",\"publisher\":{\"@id\":\"https:\\\/\\\/petrerjove.com\\\/ca\\\/#organization\"},\"potentialAction\":[{\"@type\":\"SearchAction\",\"target\":{\"@type\":\"EntryPoint\",\"urlTemplate\":\"https:\\\/\\\/petrerjove.com\\\/ca\\\/?s={search_term_string}\"},\"query-input\":{\"@type\":\"PropertyValueSpecification\",\"valueRequired\":true,\"valueName\":\"search_term_string\"}}],\"inLanguage\":\"ca\"},{\"@type\":\"Organization\",\"@id\":\"https:\\\/\\\/petrerjove.com\\\/ca\\\/#organization\",\"name\":\"Concejal\u00eda de Juventud de Petrer\",\"url\":\"https:\\\/\\\/petrerjove.com\\\/ca\\\/\",\"logo\":{\"@type\":\"ImageObject\",\"inLanguage\":\"ca\",\"@id\":\"https:\\\/\\\/petrerjove.com\\\/ca\\\/#\\\/schema\\\/logo\\\/image\\\/\",\"url\":\"https:\\\/\\\/petrerjove.com\\\/wp-content\\\/uploads\\\/2024\\\/02\\\/petrerjove_horizontal.svg\",\"contentUrl\":\"https:\\\/\\\/petrerjove.com\\\/wp-content\\\/uploads\\\/2024\\\/02\\\/petrerjove_horizontal.svg\",\"width\":200,\"height\":70,\"caption\":\"Concejal\u00eda de Juventud de Petrer\"},\"image\":{\"@id\":\"https:\\\/\\\/petrerjove.com\\\/ca\\\/#\\\/schema\\\/logo\\\/image\\\/\"},\"sameAs\":[\"https:\\\/\\\/www.facebook.com\\\/petrerjoven\\\/\",\"https:\\\/\\\/www.instagram.com\\\/petrerjove\\\/\"]},{\"@type\":\"Person\",\"@id\":\"https:\\\/\\\/petrerjove.com\\\/ca\\\/#\\\/schema\\\/person\\\/f7d459758517c59245ab6927ddfd5dec\",\"name\":\"Wabi\",\"image\":{\"@type\":\"ImageObject\",\"inLanguage\":\"ca\",\"@id\":\"https:\\\/\\\/secure.gravatar.com\\\/avatar\\\/02e507ad392b247c4f9092c139a289489ff0fb50a86afa93e2f64721f1f6d2ff?s=96&d=mm&r=g\",\"url\":\"https:\\\/\\\/secure.gravatar.com\\\/avatar\\\/02e507ad392b247c4f9092c139a289489ff0fb50a86afa93e2f64721f1f6d2ff?s=96&d=mm&r=g\",\"contentUrl\":\"https:\\\/\\\/secure.gravatar.com\\\/avatar\\\/02e507ad392b247c4f9092c139a289489ff0fb50a86afa93e2f64721f1f6d2ff?s=96&d=mm&r=g\",\"caption\":\"Wabi\"},\"sameAs\":[\"https:\\\/\\\/petrerjove.com\"]}]}<\/script>\n<!-- \/ Yoast SEO plugin. -->","yoast_head_json":{"title":"Celebraci\u00f3 del Dia de l'Orgull Friki a Petrer - Petrer Jove","description":"Celebraci\u00f3 del Dia de l'Orgull Friki a Petrer","robots":{"index":"index","follow":"follow","max-snippet":"max-snippet:-1","max-image-preview":"max-image-preview:large","max-video-preview":"max-video-preview:-1"},"canonical":"https:\/\/petrerjove.com\/ca\/celebracio-del-dia-de-lorgull-friki-a-petrer\/","og_locale":"ca_ES","og_type":"article","og_title":"Celebraci\u00f3 del Dia de l'Orgull Friki a Petrer - Petrer Jove","og_description":"Celebraci\u00f3 del Dia de l'Orgull Friki a Petrer","og_url":"https:\/\/petrerjove.com\/ca\/celebracio-del-dia-de-lorgull-friki-a-petrer\/","og_site_name":"Petrer Jove","article_publisher":"https:\/\/www.facebook.com\/petrerjoven\/","article_published_time":"2024-07-02T12:09:28+00:00","article_modified_time":"2024-07-02T12:11:15+00:00","og_image":[{"width":1140,"height":766,"url":"https:\/\/petrerjove.com\/wp-content\/uploads\/2024\/07\/noticia_friki-min.jpg","type":"image\/jpeg"}],"author":"Wabi","twitter_card":"summary_large_image","twitter_misc":{"Escrit per":"Wabi","Temps estimat de lectura":"1 minut"},"schema":{"@context":"https:\/\/schema.org","@graph":[{"@type":"Article","@id":"https:\/\/petrerjove.com\/ca\/celebracio-del-dia-de-lorgull-friki-a-petrer\/#article","isPartOf":{"@id":"https:\/\/petrerjove.com\/ca\/celebracio-del-dia-de-lorgull-friki-a-petrer\/"},"author":{"name":"Wabi","@id":"https:\/\/petrerjove.com\/ca\/#\/schema\/person\/f7d459758517c59245ab6927ddfd5dec"},"headline":"Celebraci\u00f3 del Dia de l&#8217;Orgull Friki a Petrer","datePublished":"2024-07-02T12:09:28+00:00","dateModified":"2024-07-02T12:11:15+00:00","mainEntityOfPage":{"@id":"https:\/\/petrerjove.com\/ca\/celebracio-del-dia-de-lorgull-friki-a-petrer\/"},"wordCount":236,"publisher":{"@id":"https:\/\/petrerjove.com\/ca\/#organization"},"image":{"@id":"https:\/\/petrerjove.com\/ca\/celebracio-del-dia-de-lorgull-friki-a-petrer\/#primaryimage"},"thumbnailUrl":"https:\/\/petrerjove.com\/wp-content\/uploads\/2024\/07\/noticia_friki-min.jpg","articleSection":["Uncategorized @ca"],"inLanguage":"ca"},{"@type":"WebPage","@id":"https:\/\/petrerjove.com\/ca\/celebracio-del-dia-de-lorgull-friki-a-petrer\/","url":"https:\/\/petrerjove.com\/ca\/celebracio-del-dia-de-lorgull-friki-a-petrer\/","name":"Celebraci\u00f3 del Dia de l'Orgull Friki a Petrer - Petrer Jove","isPartOf":{"@id":"https:\/\/petrerjove.com\/ca\/#website"},"primaryImageOfPage":{"@id":"https:\/\/petrerjove.com\/ca\/celebracio-del-dia-de-lorgull-friki-a-petrer\/#primaryimage"},"image":{"@id":"https:\/\/petrerjove.com\/ca\/celebracio-del-dia-de-lorgull-friki-a-petrer\/#primaryimage"},"thumbnailUrl":"https:\/\/petrerjove.com\/wp-content\/uploads\/2024\/07\/noticia_friki-min.jpg","datePublished":"2024-07-02T12:09:28+00:00","dateModified":"2024-07-02T12:11:15+00:00","description":"Celebraci\u00f3 del Dia de l'Orgull Friki a Petrer","breadcrumb":{"@id":"https:\/\/petrerjove.com\/ca\/celebracio-del-dia-de-lorgull-friki-a-petrer\/#breadcrumb"},"inLanguage":"ca","potentialAction":[{"@type":"ReadAction","target":["https:\/\/petrerjove.com\/ca\/celebracio-del-dia-de-lorgull-friki-a-petrer\/"]}]},{"@type":"ImageObject","inLanguage":"ca","@id":"https:\/\/petrerjove.com\/ca\/celebracio-del-dia-de-lorgull-friki-a-petrer\/#primaryimage","url":"https:\/\/petrerjove.com\/wp-content\/uploads\/2024\/07\/noticia_friki-min.jpg","contentUrl":"https:\/\/petrerjove.com\/wp-content\/uploads\/2024\/07\/noticia_friki-min.jpg","width":1140,"height":766},{"@type":"BreadcrumbList","@id":"https:\/\/petrerjove.com\/ca\/celebracio-del-dia-de-lorgull-friki-a-petrer\/#breadcrumb","itemListElement":[{"@type":"ListItem","position":1,"name":"Portada","item":"https:\/\/petrerjove.com\/ca\/"},{"@type":"ListItem","position":2,"name":"Celebraci\u00f3 del Dia de l&#8217;Orgull Friki a Petrer"}]},{"@type":"WebSite","@id":"https:\/\/petrerjove.com\/ca\/#website","url":"https:\/\/petrerjove.com\/ca\/","name":"Petrer Jove","description":"Concejal\u00eda de Infancia y Juventud de Petrer","publisher":{"@id":"https:\/\/petrerjove.com\/ca\/#organization"},"potentialAction":[{"@type":"SearchAction","target":{"@type":"EntryPoint","urlTemplate":"https:\/\/petrerjove.com\/ca\/?s={search_term_string}"},"query-input":{"@type":"PropertyValueSpecification","valueRequired":true,"valueName":"search_term_string"}}],"inLanguage":"ca"},{"@type":"Organization","@id":"https:\/\/petrerjove.com\/ca\/#organization","name":"Concejal\u00eda de Juventud de Petrer","url":"https:\/\/petrerjove.com\/ca\/","logo":{"@type":"ImageObject","inLanguage":"ca","@id":"https:\/\/petrerjove.com\/ca\/#\/schema\/logo\/image\/","url":"https:\/\/petrerjove.com\/wp-content\/uploads\/2024\/02\/petrerjove_horizontal.svg","contentUrl":"https:\/\/petrerjove.com\/wp-content\/uploads\/2024\/02\/petrerjove_horizontal.svg","width":200,"height":70,"caption":"Concejal\u00eda de Juventud de Petrer"},"image":{"@id":"https:\/\/petrerjove.com\/ca\/#\/schema\/logo\/image\/"},"sameAs":["https:\/\/www.facebook.com\/petrerjoven\/","https:\/\/www.instagram.com\/petrerjove\/"]},{"@type":"Person","@id":"https:\/\/petrerjove.com\/ca\/#\/schema\/person\/f7d459758517c59245ab6927ddfd5dec","name":"Wabi","image":{"@type":"ImageObject","inLanguage":"ca","@id":"https:\/\/secure.gravatar.com\/avatar\/02e507ad392b247c4f9092c139a289489ff0fb50a86afa93e2f64721f1f6d2ff?s=96&d=mm&r=g","url":"https:\/\/secure.gravatar.com\/avatar\/02e507ad392b247c4f9092c139a289489ff0fb50a86afa93e2f64721f1f6d2ff?s=96&d=mm&r=g","contentUrl":"https:\/\/secure.gravatar.com\/avatar\/02e507ad392b247c4f9092c139a289489ff0fb50a86afa93e2f64721f1f6d2ff?s=96&d=mm&r=g","caption":"Wabi"},"sameAs":["https:\/\/petrerjove.com"]}]}},"_links":{"self":[{"href":"https:\/\/petrerjove.com\/ca\/wp-json\/wp\/v2\/posts\/3706","targetHints":{"allow":["GET"]}}],"collection":[{"href":"https:\/\/petrerjove.com\/ca\/wp-json\/wp\/v2\/posts"}],"about":[{"href":"https:\/\/petrerjove.com\/ca\/wp-json\/wp\/v2\/types\/post"}],"author":[{"embeddable":true,"href":"https:\/\/petrerjove.com\/ca\/wp-json\/wp\/v2\/users\/1"}],"replies":[{"embeddable":true,"href":"https:\/\/petrerjove.com\/ca\/wp-json\/wp\/v2\/comments?post=3706"}],"version-history":[{"count":1,"href":"https:\/\/petrerjove.com\/ca\/wp-json\/wp\/v2\/posts\/3706\/revisions"}],"predecessor-version":[{"id":3707,"href":"https:\/\/petrerjove.com\/ca\/wp-json\/wp\/v2\/posts\/3706\/revisions\/3707"}],"wp:featuredmedia":[{"embeddable":true,"href":"https:\/\/petrerjove.com\/ca\/wp-json\/wp\/v2\/media\/3704"}],"wp:attachment":[{"href":"https:\/\/petrerjove.com\/ca\/wp-json\/wp\/v2\/media?parent=3706"}],"wp:term":[{"taxonomy":"category","embeddable":true,"href":"https:\/\/petrerjove.com\/ca\/wp-json\/wp\/v2\/categories?post=3706"},{"taxonomy":"post_tag","embeddable":true,"href":"https:\/\/petrerjove.com\/ca\/wp-json\/wp\/v2\/tags?post=3706"}],"curies":[{"name":"wp","href":"https:\/\/api.w.org\/{rel}","templated":true}]}}