{"id":2399,"date":"2024-02-29T10:47:43","date_gmt":"2024-02-29T09:47:43","guid":{"rendered":"https:\/\/petrerjove.com\/joventut-programa-3-activitats-de-multiaventura-per-a-joves-de-16-a-30-anys\/"},"modified":"2024-04-24T15:14:04","modified_gmt":"2024-04-24T13:14:04","slug":"joventut-programa-3-activitats-de-multiaventura-per-a-joves-de-16-a-30-anys","status":"publish","type":"post","link":"https:\/\/petrerjove.com\/ca\/joventut-programa-3-activitats-de-multiaventura-per-a-joves-de-16-a-30-anys\/","title":{"rendered":"Joventut programa 3 activitats de multiaventura per a joves de 16 a 30 anys"},"content":{"rendered":"\n<h5 class=\"wp-block-heading\">La via ferrata de la muntanya Bol\u00f3n d&#8217;Elda al febrer, la via ferrata d&#8217;Ibi al mar\u00e7 i una activitat de barranquisme aqu\u00e0tic a Bolulla o Abdet al juny&#13;\n<\/h5>\n\n<p>La regidoria d&#8217;Inf\u00e0ncia i Joventut continua treballant per a organitzar i programar activitats ateses les propostes rebudes per part dels i les joves, tant a trav\u00e9s del F\u00f2rum Jove, com de q\u00fcestionaris als participants al final de cada activitat o esdeveniment realitzat.<\/p>\n\n<p>En aquest cas, el regidor, Alejandro Ruiz, ha apuntat que \u201c<em>en 2023 realitz\u00e0vem la nostra primera activitat multiaventura amb un acolliment bestial i molt bona participaci\u00f3<\/em>\u201d, destacant que els participants van traslladar a la regidoria la seua satisfacci\u00f3 amb l&#8217;activitat i el seu desig de m\u00e9s activitats d&#8217;aquest tipus.<\/p>\n\n<p>Per a atendre aqueixes demandes, per al primer semestre de l&#8217;any, la regidoria ha programat tres activitats multiaventura, on es fusiona l&#8217;oci, l&#8217;esport i la naturalesa, per a joves de 16 a 30 anys.<\/p>\n\n<p>La primera activitat s&#8217;ha programat per al diumenge 25 de febrer, centrada en la via ferrata K2 i la tirolina de 130 m. situada en la muntanya Bol\u00f3n d&#8217;Elda. Ser\u00e0 el diumenge 24 de mar\u00e7 quan es duga a terme la segona activitat programada, en aquest cas en la via ferrata K2 d&#8217;Ibi, que tamb\u00e9 compta amb diversos ponts tibetans.<\/p>\n\n<p>I, ja ficats en l&#8217;estiu, el diumenge 30 de juny, la regidoria ha pensat una activitat de barranquisme aqu\u00e0tic, b\u00e9 en el municipi d&#8217;Abdet o al Bolulla.&#13;\n<\/p>\n\n<p>Per a aquesta dues activitats que tindran lloc en poblacions m\u00e9s allunyades de Petrer, la regidoria habilitar\u00e0 transport en bus per als participants, tenint com a punt de trobada i partida l&#8217;avinguda Reina Sofia, a l&#8217;altura del poliesportiu municipal. De totes maneres, l&#8217;edil ha apuntat que s&#8217;anir\u00e0 anunciant individualment cada activitat, amb tota la informaci\u00f3 de forma d&#8217;inscripci\u00f3, preu i altres detalls.<\/p>\n\n<p><div class=\"columna-nueva-500\">&#13;\n<div id=\"resultado\" class=\"resultado\">Les activitats les realitza la regidoria de la m\u00e0 de l&#8217;empresa Vertigen, empresa especialitzada en oci alternatiu. Ruiz ha subratllat que \u201c<em>una de les coses per la qual estem apostant com a equip de govern \u00e9s per l&#8217;escolta dels joves, per comprendre&#8217;ls, entendre&#8217;ls i fer-los part\u00edcips de cadascuna de les activitats, projectes i esdeveniments que duem a terme, escoltar-los perqu\u00e8 siguen els art\u00edfexs i agents que elaboren la programaci\u00f3 que volen gaudir i participar<\/em>\u201d.<\/div>&#13;\n<\/div>&#13;\n<div class=\"columna-nueva-200\">&#13;\n<div class=\"divide\"><\/div>&#13;\n<\/div><\/p>\n\n<p><div class=\"columna-nueva-500\">&#13;\n<div id=\"resultado\" class=\"resultado\">El regidor ha aprofitat el final de la roda de premsa per a fer una crida als joves, perqu\u00e8 \u201c<em>ens feu arribar les vostres idees amb la finalitat que vosaltres sigueu el motor de la joventut de Petrer<\/em>\u201d.<\/div>&#13;\n<\/div>&#13;\n<div class=\"columna-nueva-200\">&#13;\n<div class=\"divide\"><\/div>&#13;\n<\/div><\/p>\n\n<div style=\"height:50px\" aria-hidden=\"true\" class=\"wp-block-spacer\"><\/div>\n\n<figure class=\"wp-block-image aligncenter size-full is-resized\"><img fetchpriority=\"high\" decoding=\"async\" width=\"554\" height=\"788\" src=\"https:\/\/petrerjove.com\/wp-content\/uploads\/2024\/02\/noticia_actividadesmultiaventura_cartel-min.jpeg\" alt=\"\" class=\"wp-image-1284\" style=\"width:325px\" srcset=\"https:\/\/petrerjove.com\/wp-content\/uploads\/2024\/02\/noticia_actividadesmultiaventura_cartel-min.jpeg 554w, https:\/\/petrerjove.com\/wp-content\/uploads\/2024\/02\/noticia_actividadesmultiaventura_cartel-min-211x300.jpeg 211w\" sizes=\"(max-width: 554px) 100vw, 554px\" \/><\/figure>\n","protected":false},"excerpt":{"rendered":"<p>La via ferrata de la muntanya Bol\u00f3n d&#8217;Elda al febrer, la via ferrata d&#8217;Ibi al mar\u00e7 i una activitat de barranquisme aqu\u00e0tic a Bolulla o Abdet al juny&#13; La regidoria d&#8217;Inf\u00e0ncia i Joventut continua treballant per a organitzar i programar activitats ateses les propostes rebudes per part dels i les joves, tant a trav\u00e9s del [&hellip;]<\/p>\n","protected":false},"author":1,"featured_media":2400,"comment_status":"closed","ping_status":"closed","sticky":false,"template":"","format":"standard","meta":{"footnotes":""},"categories":[60],"tags":[],"class_list":["post-2399","post","type-post","status-publish","format-standard","has-post-thumbnail","hentry","category-uncategorized-ca"],"yoast_head":"<!-- This site is optimized with the Yoast SEO plugin v27.5 - https:\/\/yoast.com\/product\/yoast-seo-wordpress\/ -->\n<title>Joventut programa 3 activitats de multiaventura per a joves de 16 a 30 anys - Petrer Jove<\/title>\n<meta name=\"robots\" content=\"index, follow, max-snippet:-1, max-image-preview:large, max-video-preview:-1\" \/>\n<link rel=\"canonical\" href=\"https:\/\/petrerjove.com\/ca\/joventut-programa-3-activitats-de-multiaventura-per-a-joves-de-16-a-30-anys\/\" \/>\n<meta property=\"og:locale\" content=\"ca_ES\" \/>\n<meta property=\"og:type\" content=\"article\" \/>\n<meta property=\"og:title\" content=\"Joventut programa 3 activitats de multiaventura per a joves de 16 a 30 anys - Petrer Jove\" \/>\n<meta property=\"og:description\" content=\"La via ferrata de la muntanya Bol\u00f3n d&#8217;Elda al febrer, la via ferrata d&#8217;Ibi al mar\u00e7 i una activitat de barranquisme aqu\u00e0tic a Bolulla o Abdet al juny&#013; La regidoria d&#8217;Inf\u00e0ncia i Joventut continua treballant per a organitzar i programar activitats ateses les propostes rebudes per part dels i les joves, tant a trav\u00e9s del [&hellip;]\" \/>\n<meta property=\"og:url\" content=\"https:\/\/petrerjove.com\/ca\/joventut-programa-3-activitats-de-multiaventura-per-a-joves-de-16-a-30-anys\/\" \/>\n<meta property=\"og:site_name\" content=\"Petrer Jove\" \/>\n<meta property=\"article:publisher\" content=\"https:\/\/www.facebook.com\/petrerjoven\/\" \/>\n<meta property=\"article:published_time\" content=\"2024-02-29T09:47:43+00:00\" \/>\n<meta property=\"article:modified_time\" content=\"2024-04-24T13:14:04+00:00\" \/>\n<meta property=\"og:image\" content=\"https:\/\/petrerjove.com\/wp-content\/uploads\/2024\/02\/noticia_actividadesmultiaventura-min.jpeg\" \/>\n\t<meta property=\"og:image:width\" content=\"1140\" \/>\n\t<meta property=\"og:image:height\" content=\"766\" \/>\n\t<meta property=\"og:image:type\" content=\"image\/jpeg\" \/>\n<meta name=\"author\" content=\"Wabi\" \/>\n<meta name=\"twitter:card\" content=\"summary_large_image\" \/>\n<meta name=\"twitter:label1\" content=\"Escrit per\" \/>\n\t<meta name=\"twitter:data1\" content=\"Wabi\" \/>\n\t<meta name=\"twitter:label2\" content=\"Temps estimat de lectura\" \/>\n\t<meta name=\"twitter:data2\" content=\"2 minuts\" \/>\n<script type=\"application\/ld+json\" class=\"yoast-schema-graph\">{\"@context\":\"https:\\\/\\\/schema.org\",\"@graph\":[{\"@type\":\"Article\",\"@id\":\"https:\\\/\\\/petrerjove.com\\\/ca\\\/joventut-programa-3-activitats-de-multiaventura-per-a-joves-de-16-a-30-anys\\\/#article\",\"isPartOf\":{\"@id\":\"https:\\\/\\\/petrerjove.com\\\/ca\\\/joventut-programa-3-activitats-de-multiaventura-per-a-joves-de-16-a-30-anys\\\/\"},\"author\":{\"name\":\"Wabi\",\"@id\":\"https:\\\/\\\/petrerjove.com\\\/ca\\\/#\\\/schema\\\/person\\\/f7d459758517c59245ab6927ddfd5dec\"},\"headline\":\"Joventut programa 3 activitats de multiaventura per a joves de 16 a 30 anys\",\"datePublished\":\"2024-02-29T09:47:43+00:00\",\"dateModified\":\"2024-04-24T13:14:04+00:00\",\"mainEntityOfPage\":{\"@id\":\"https:\\\/\\\/petrerjove.com\\\/ca\\\/joventut-programa-3-activitats-de-multiaventura-per-a-joves-de-16-a-30-anys\\\/\"},\"wordCount\":453,\"publisher\":{\"@id\":\"https:\\\/\\\/petrerjove.com\\\/ca\\\/#organization\"},\"image\":{\"@id\":\"https:\\\/\\\/petrerjove.com\\\/ca\\\/joventut-programa-3-activitats-de-multiaventura-per-a-joves-de-16-a-30-anys\\\/#primaryimage\"},\"thumbnailUrl\":\"https:\\\/\\\/petrerjove.com\\\/wp-content\\\/uploads\\\/2024\\\/02\\\/noticia_actividadesmultiaventura-min.jpeg\",\"articleSection\":[\"Uncategorized @ca\"],\"inLanguage\":\"ca\"},{\"@type\":\"WebPage\",\"@id\":\"https:\\\/\\\/petrerjove.com\\\/ca\\\/joventut-programa-3-activitats-de-multiaventura-per-a-joves-de-16-a-30-anys\\\/\",\"url\":\"https:\\\/\\\/petrerjove.com\\\/ca\\\/joventut-programa-3-activitats-de-multiaventura-per-a-joves-de-16-a-30-anys\\\/\",\"name\":\"Joventut programa 3 activitats de multiaventura per a joves de 16 a 30 anys - Petrer Jove\",\"isPartOf\":{\"@id\":\"https:\\\/\\\/petrerjove.com\\\/ca\\\/#website\"},\"primaryImageOfPage\":{\"@id\":\"https:\\\/\\\/petrerjove.com\\\/ca\\\/joventut-programa-3-activitats-de-multiaventura-per-a-joves-de-16-a-30-anys\\\/#primaryimage\"},\"image\":{\"@id\":\"https:\\\/\\\/petrerjove.com\\\/ca\\\/joventut-programa-3-activitats-de-multiaventura-per-a-joves-de-16-a-30-anys\\\/#primaryimage\"},\"thumbnailUrl\":\"https:\\\/\\\/petrerjove.com\\\/wp-content\\\/uploads\\\/2024\\\/02\\\/noticia_actividadesmultiaventura-min.jpeg\",\"datePublished\":\"2024-02-29T09:47:43+00:00\",\"dateModified\":\"2024-04-24T13:14:04+00:00\",\"breadcrumb\":{\"@id\":\"https:\\\/\\\/petrerjove.com\\\/ca\\\/joventut-programa-3-activitats-de-multiaventura-per-a-joves-de-16-a-30-anys\\\/#breadcrumb\"},\"inLanguage\":\"ca\",\"potentialAction\":[{\"@type\":\"ReadAction\",\"target\":[\"https:\\\/\\\/petrerjove.com\\\/ca\\\/joventut-programa-3-activitats-de-multiaventura-per-a-joves-de-16-a-30-anys\\\/\"]}]},{\"@type\":\"ImageObject\",\"inLanguage\":\"ca\",\"@id\":\"https:\\\/\\\/petrerjove.com\\\/ca\\\/joventut-programa-3-activitats-de-multiaventura-per-a-joves-de-16-a-30-anys\\\/#primaryimage\",\"url\":\"https:\\\/\\\/petrerjove.com\\\/wp-content\\\/uploads\\\/2024\\\/02\\\/noticia_actividadesmultiaventura-min.jpeg\",\"contentUrl\":\"https:\\\/\\\/petrerjove.com\\\/wp-content\\\/uploads\\\/2024\\\/02\\\/noticia_actividadesmultiaventura-min.jpeg\",\"width\":1140,\"height\":766},{\"@type\":\"BreadcrumbList\",\"@id\":\"https:\\\/\\\/petrerjove.com\\\/ca\\\/joventut-programa-3-activitats-de-multiaventura-per-a-joves-de-16-a-30-anys\\\/#breadcrumb\",\"itemListElement\":[{\"@type\":\"ListItem\",\"position\":1,\"name\":\"Portada\",\"item\":\"https:\\\/\\\/petrerjove.com\\\/ca\\\/\"},{\"@type\":\"ListItem\",\"position\":2,\"name\":\"Joventut programa 3 activitats de multiaventura per a joves de 16 a 30 anys\"}]},{\"@type\":\"WebSite\",\"@id\":\"https:\\\/\\\/petrerjove.com\\\/ca\\\/#website\",\"url\":\"https:\\\/\\\/petrerjove.com\\\/ca\\\/\",\"name\":\"Petrer Jove\",\"description\":\"Concejal\u00eda de Infancia y Juventud de Petrer\",\"publisher\":{\"@id\":\"https:\\\/\\\/petrerjove.com\\\/ca\\\/#organization\"},\"potentialAction\":[{\"@type\":\"SearchAction\",\"target\":{\"@type\":\"EntryPoint\",\"urlTemplate\":\"https:\\\/\\\/petrerjove.com\\\/ca\\\/?s={search_term_string}\"},\"query-input\":{\"@type\":\"PropertyValueSpecification\",\"valueRequired\":true,\"valueName\":\"search_term_string\"}}],\"inLanguage\":\"ca\"},{\"@type\":\"Organization\",\"@id\":\"https:\\\/\\\/petrerjove.com\\\/ca\\\/#organization\",\"name\":\"Concejal\u00eda de Juventud de Petrer\",\"url\":\"https:\\\/\\\/petrerjove.com\\\/ca\\\/\",\"logo\":{\"@type\":\"ImageObject\",\"inLanguage\":\"ca\",\"@id\":\"https:\\\/\\\/petrerjove.com\\\/ca\\\/#\\\/schema\\\/logo\\\/image\\\/\",\"url\":\"https:\\\/\\\/petrerjove.com\\\/wp-content\\\/uploads\\\/2024\\\/02\\\/petrerjove_horizontal.svg\",\"contentUrl\":\"https:\\\/\\\/petrerjove.com\\\/wp-content\\\/uploads\\\/2024\\\/02\\\/petrerjove_horizontal.svg\",\"width\":200,\"height\":70,\"caption\":\"Concejal\u00eda de Juventud de Petrer\"},\"image\":{\"@id\":\"https:\\\/\\\/petrerjove.com\\\/ca\\\/#\\\/schema\\\/logo\\\/image\\\/\"},\"sameAs\":[\"https:\\\/\\\/www.facebook.com\\\/petrerjoven\\\/\",\"https:\\\/\\\/www.instagram.com\\\/petrerjove\\\/\"]},{\"@type\":\"Person\",\"@id\":\"https:\\\/\\\/petrerjove.com\\\/ca\\\/#\\\/schema\\\/person\\\/f7d459758517c59245ab6927ddfd5dec\",\"name\":\"Wabi\",\"image\":{\"@type\":\"ImageObject\",\"inLanguage\":\"ca\",\"@id\":\"https:\\\/\\\/secure.gravatar.com\\\/avatar\\\/02e507ad392b247c4f9092c139a289489ff0fb50a86afa93e2f64721f1f6d2ff?s=96&d=mm&r=g\",\"url\":\"https:\\\/\\\/secure.gravatar.com\\\/avatar\\\/02e507ad392b247c4f9092c139a289489ff0fb50a86afa93e2f64721f1f6d2ff?s=96&d=mm&r=g\",\"contentUrl\":\"https:\\\/\\\/secure.gravatar.com\\\/avatar\\\/02e507ad392b247c4f9092c139a289489ff0fb50a86afa93e2f64721f1f6d2ff?s=96&d=mm&r=g\",\"caption\":\"Wabi\"},\"sameAs\":[\"https:\\\/\\\/petrerjove.com\"]}]}<\/script>\n<!-- \/ Yoast SEO plugin. -->","yoast_head_json":{"title":"Joventut programa 3 activitats de multiaventura per a joves de 16 a 30 anys - Petrer Jove","robots":{"index":"index","follow":"follow","max-snippet":"max-snippet:-1","max-image-preview":"max-image-preview:large","max-video-preview":"max-video-preview:-1"},"canonical":"https:\/\/petrerjove.com\/ca\/joventut-programa-3-activitats-de-multiaventura-per-a-joves-de-16-a-30-anys\/","og_locale":"ca_ES","og_type":"article","og_title":"Joventut programa 3 activitats de multiaventura per a joves de 16 a 30 anys - Petrer Jove","og_description":"La via ferrata de la muntanya Bol\u00f3n d&#8217;Elda al febrer, la via ferrata d&#8217;Ibi al mar\u00e7 i una activitat de barranquisme aqu\u00e0tic a Bolulla o Abdet al juny&#13; La regidoria d&#8217;Inf\u00e0ncia i Joventut continua treballant per a organitzar i programar activitats ateses les propostes rebudes per part dels i les joves, tant a trav\u00e9s del [&hellip;]","og_url":"https:\/\/petrerjove.com\/ca\/joventut-programa-3-activitats-de-multiaventura-per-a-joves-de-16-a-30-anys\/","og_site_name":"Petrer Jove","article_publisher":"https:\/\/www.facebook.com\/petrerjoven\/","article_published_time":"2024-02-29T09:47:43+00:00","article_modified_time":"2024-04-24T13:14:04+00:00","og_image":[{"width":1140,"height":766,"url":"https:\/\/petrerjove.com\/wp-content\/uploads\/2024\/02\/noticia_actividadesmultiaventura-min.jpeg","type":"image\/jpeg"}],"author":"Wabi","twitter_card":"summary_large_image","twitter_misc":{"Escrit per":"Wabi","Temps estimat de lectura":"2 minuts"},"schema":{"@context":"https:\/\/schema.org","@graph":[{"@type":"Article","@id":"https:\/\/petrerjove.com\/ca\/joventut-programa-3-activitats-de-multiaventura-per-a-joves-de-16-a-30-anys\/#article","isPartOf":{"@id":"https:\/\/petrerjove.com\/ca\/joventut-programa-3-activitats-de-multiaventura-per-a-joves-de-16-a-30-anys\/"},"author":{"name":"Wabi","@id":"https:\/\/petrerjove.com\/ca\/#\/schema\/person\/f7d459758517c59245ab6927ddfd5dec"},"headline":"Joventut programa 3 activitats de multiaventura per a joves de 16 a 30 anys","datePublished":"2024-02-29T09:47:43+00:00","dateModified":"2024-04-24T13:14:04+00:00","mainEntityOfPage":{"@id":"https:\/\/petrerjove.com\/ca\/joventut-programa-3-activitats-de-multiaventura-per-a-joves-de-16-a-30-anys\/"},"wordCount":453,"publisher":{"@id":"https:\/\/petrerjove.com\/ca\/#organization"},"image":{"@id":"https:\/\/petrerjove.com\/ca\/joventut-programa-3-activitats-de-multiaventura-per-a-joves-de-16-a-30-anys\/#primaryimage"},"thumbnailUrl":"https:\/\/petrerjove.com\/wp-content\/uploads\/2024\/02\/noticia_actividadesmultiaventura-min.jpeg","articleSection":["Uncategorized @ca"],"inLanguage":"ca"},{"@type":"WebPage","@id":"https:\/\/petrerjove.com\/ca\/joventut-programa-3-activitats-de-multiaventura-per-a-joves-de-16-a-30-anys\/","url":"https:\/\/petrerjove.com\/ca\/joventut-programa-3-activitats-de-multiaventura-per-a-joves-de-16-a-30-anys\/","name":"Joventut programa 3 activitats de multiaventura per a joves de 16 a 30 anys - Petrer Jove","isPartOf":{"@id":"https:\/\/petrerjove.com\/ca\/#website"},"primaryImageOfPage":{"@id":"https:\/\/petrerjove.com\/ca\/joventut-programa-3-activitats-de-multiaventura-per-a-joves-de-16-a-30-anys\/#primaryimage"},"image":{"@id":"https:\/\/petrerjove.com\/ca\/joventut-programa-3-activitats-de-multiaventura-per-a-joves-de-16-a-30-anys\/#primaryimage"},"thumbnailUrl":"https:\/\/petrerjove.com\/wp-content\/uploads\/2024\/02\/noticia_actividadesmultiaventura-min.jpeg","datePublished":"2024-02-29T09:47:43+00:00","dateModified":"2024-04-24T13:14:04+00:00","breadcrumb":{"@id":"https:\/\/petrerjove.com\/ca\/joventut-programa-3-activitats-de-multiaventura-per-a-joves-de-16-a-30-anys\/#breadcrumb"},"inLanguage":"ca","potentialAction":[{"@type":"ReadAction","target":["https:\/\/petrerjove.com\/ca\/joventut-programa-3-activitats-de-multiaventura-per-a-joves-de-16-a-30-anys\/"]}]},{"@type":"ImageObject","inLanguage":"ca","@id":"https:\/\/petrerjove.com\/ca\/joventut-programa-3-activitats-de-multiaventura-per-a-joves-de-16-a-30-anys\/#primaryimage","url":"https:\/\/petrerjove.com\/wp-content\/uploads\/2024\/02\/noticia_actividadesmultiaventura-min.jpeg","contentUrl":"https:\/\/petrerjove.com\/wp-content\/uploads\/2024\/02\/noticia_actividadesmultiaventura-min.jpeg","width":1140,"height":766},{"@type":"BreadcrumbList","@id":"https:\/\/petrerjove.com\/ca\/joventut-programa-3-activitats-de-multiaventura-per-a-joves-de-16-a-30-anys\/#breadcrumb","itemListElement":[{"@type":"ListItem","position":1,"name":"Portada","item":"https:\/\/petrerjove.com\/ca\/"},{"@type":"ListItem","position":2,"name":"Joventut programa 3 activitats de multiaventura per a joves de 16 a 30 anys"}]},{"@type":"WebSite","@id":"https:\/\/petrerjove.com\/ca\/#website","url":"https:\/\/petrerjove.com\/ca\/","name":"Petrer Jove","description":"Concejal\u00eda de Infancia y Juventud de Petrer","publisher":{"@id":"https:\/\/petrerjove.com\/ca\/#organization"},"potentialAction":[{"@type":"SearchAction","target":{"@type":"EntryPoint","urlTemplate":"https:\/\/petrerjove.com\/ca\/?s={search_term_string}"},"query-input":{"@type":"PropertyValueSpecification","valueRequired":true,"valueName":"search_term_string"}}],"inLanguage":"ca"},{"@type":"Organization","@id":"https:\/\/petrerjove.com\/ca\/#organization","name":"Concejal\u00eda de Juventud de Petrer","url":"https:\/\/petrerjove.com\/ca\/","logo":{"@type":"ImageObject","inLanguage":"ca","@id":"https:\/\/petrerjove.com\/ca\/#\/schema\/logo\/image\/","url":"https:\/\/petrerjove.com\/wp-content\/uploads\/2024\/02\/petrerjove_horizontal.svg","contentUrl":"https:\/\/petrerjove.com\/wp-content\/uploads\/2024\/02\/petrerjove_horizontal.svg","width":200,"height":70,"caption":"Concejal\u00eda de Juventud de Petrer"},"image":{"@id":"https:\/\/petrerjove.com\/ca\/#\/schema\/logo\/image\/"},"sameAs":["https:\/\/www.facebook.com\/petrerjoven\/","https:\/\/www.instagram.com\/petrerjove\/"]},{"@type":"Person","@id":"https:\/\/petrerjove.com\/ca\/#\/schema\/person\/f7d459758517c59245ab6927ddfd5dec","name":"Wabi","image":{"@type":"ImageObject","inLanguage":"ca","@id":"https:\/\/secure.gravatar.com\/avatar\/02e507ad392b247c4f9092c139a289489ff0fb50a86afa93e2f64721f1f6d2ff?s=96&d=mm&r=g","url":"https:\/\/secure.gravatar.com\/avatar\/02e507ad392b247c4f9092c139a289489ff0fb50a86afa93e2f64721f1f6d2ff?s=96&d=mm&r=g","contentUrl":"https:\/\/secure.gravatar.com\/avatar\/02e507ad392b247c4f9092c139a289489ff0fb50a86afa93e2f64721f1f6d2ff?s=96&d=mm&r=g","caption":"Wabi"},"sameAs":["https:\/\/petrerjove.com"]}]}},"_links":{"self":[{"href":"https:\/\/petrerjove.com\/ca\/wp-json\/wp\/v2\/posts\/2399","targetHints":{"allow":["GET"]}}],"collection":[{"href":"https:\/\/petrerjove.com\/ca\/wp-json\/wp\/v2\/posts"}],"about":[{"href":"https:\/\/petrerjove.com\/ca\/wp-json\/wp\/v2\/types\/post"}],"author":[{"embeddable":true,"href":"https:\/\/petrerjove.com\/ca\/wp-json\/wp\/v2\/users\/1"}],"replies":[{"embeddable":true,"href":"https:\/\/petrerjove.com\/ca\/wp-json\/wp\/v2\/comments?post=2399"}],"version-history":[{"count":1,"href":"https:\/\/petrerjove.com\/ca\/wp-json\/wp\/v2\/posts\/2399\/revisions"}],"predecessor-version":[{"id":2402,"href":"https:\/\/petrerjove.com\/ca\/wp-json\/wp\/v2\/posts\/2399\/revisions\/2402"}],"wp:featuredmedia":[{"embeddable":true,"href":"https:\/\/petrerjove.com\/ca\/wp-json\/wp\/v2\/media\/2400"}],"wp:attachment":[{"href":"https:\/\/petrerjove.com\/ca\/wp-json\/wp\/v2\/media?parent=2399"}],"wp:term":[{"taxonomy":"category","embeddable":true,"href":"https:\/\/petrerjove.com\/ca\/wp-json\/wp\/v2\/categories?post=2399"},{"taxonomy":"post_tag","embeddable":true,"href":"https:\/\/petrerjove.com\/ca\/wp-json\/wp\/v2\/tags?post=2399"}],"curies":[{"name":"wp","href":"https:\/\/api.w.org\/{rel}","templated":true}]}}