{"id":2302,"date":"2024-04-15T07:58:21","date_gmt":"2024-04-15T05:58:21","guid":{"rendered":"https:\/\/petrerjove.com\/petrer-acosta-la-regidoria-de-joventut-als-joves-amb-una-nova-imatge-corporativa-i-una-nova-web\/"},"modified":"2024-04-24T15:12:05","modified_gmt":"2024-04-24T13:12:05","slug":"petrer-acosta-la-regidoria-de-joventut-als-joves-amb-una-nova-imatge-corporativa-i-una-nova-web","status":"publish","type":"post","link":"https:\/\/petrerjove.com\/ca\/petrer-acosta-la-regidoria-de-joventut-als-joves-amb-una-nova-imatge-corporativa-i-una-nova-web\/","title":{"rendered":"Petrer acosta la regidoria de Joventut als joves amb una nova imatge corporativa i una nova web"},"content":{"rendered":"\n<h5 class=\"wp-block-heading\">La nova web, <a href=\"https:\/\/petrerjove.com\/ca\/\">https:\/\/petrerjove.com\/<\/a>, pret\u00e9n ser un punt de refer\u00e8ncia informativa per a les persones joves de Petrer.<\/h5>\n\n<p>Despr\u00e9s de diversos mesos de treball, avui la regidoria d&#8217;Inf\u00e0ncia i Joventut ha presentat la seua nova imatge corporativa de \u201c<em>PetrerJove<\/em>\u201d i la seua nova web amb l&#8217;objectiu de \u201c<em>acostar la regidoria i fer-la m\u00e9s atractiva perqu\u00e8 els joves se senten com a casa<\/em>\u201d, ha subratllat el regidor d&#8217;Inf\u00e0ncia i Joventut, Alejandro Ruiz.<\/p>\n\n<p>L&#8217;edil ha retirat que el gran objectiu de la regidoria sempre ha sigut acostar-se als joves, per a aix\u00f2, ha explicat que en aquest temps de govern s&#8217;han anat fent passos importants com l&#8217;ampliaci\u00f3 de la plantilla de treballadors, actualment amb \u201c<em>un total de sis persones, a difer\u00e8ncia de quan entrem a governar, que nom\u00e9s hi havia un treballador<\/em>\u201d. Tamb\u00e9 ha posat en relleu \u201c<em>la import\u00e0ncia de la participaci\u00f3 de la gent jove, no sols per a la presa de decisions, sin\u00f3 tamb\u00e9 perqu\u00e8 siguen ells els propis encarregats de transformar Petrer i fer de les pol\u00edtiques alguna cosa seu i no alguna cosa nostre<\/em>\u201d.<\/p>\n\n<p><div class=\"columna-nueva-500\">&#13;\n<div id=\"resultado\" class=\"resultado\">I en aquest cam\u00ed d&#8217;acostament, avui la regidoria ha fet un pas m\u00e9s amb la modernitzaci\u00f3 de la seua imatge corporativa, projecte que ha sigut realitzat per l&#8217;empresa local de disseny i comunicaci\u00f3 ADDIS ; i amb la creaci\u00f3 d&#8217;una web pr\u00f2pia, realitzada per l&#8217;empresa local Som Wabi, \u201c<em>una web din\u00e0mica i pr\u00f2xima perqu\u00e8 puguen accedir a tots els nostres recursos, serveis, activitats\u2026<\/em>\u201d en paraules de l&#8217;edil.<\/div>&#13;\n<\/div>&#13;\n<div class=\"columna-nueva-200\">&#13;\n<div class=\"divide\"><\/div>&#13;\n<\/div><\/p>\n\n<p>Ruiz ha aprofitat per a donar les gr\u00e0cies als treballadors de Joventut, \u201ce<em>ls que estan i els que van estar<\/em>\u201d, destacant la seua implicaci\u00f3 i dedicaci\u00f3.<\/p>\n\n<p><div class=\"columna-nueva-500\">&#13;\n<div id=\"resultado\" class=\"resultado\">Tamb\u00e9 l&#8217;alcaldessa de Petrer, Irene Navarro, s&#8217;ha referit a tot l&#8217;equip d&#8217;Inf\u00e0ncia i Joventut, donant-los l&#8217;enhorabona, ja que \u201caquests projectes no es poden dur a terme si tot l&#8217;equip no es cree el projecte\u201d.<\/div>&#13;\n<\/div>&#13;\n<div class=\"columna-nueva-200\">&#13;\n<div class=\"divide\"><\/div>&#13;\n<\/div><\/p>\n\n<p>Per a l&#8217;alcaldessa, obrir les portes i acostar la regidoria suposa \u201c<em>una guia, una refer\u00e8ncia, un far per als joves en edats en les quals, a vegades, et trobes una mica perduda<\/em>\u201d. I ha destacat que l&#8217;objectiu de l&#8217;equip de govern amb la gent jove \u00e9s que \u201c<em>entenguen que compten per a nosaltres, que la seua opini\u00f3 \u00e9s molt important perqu\u00e8 ens fer millorar dia a dia com a societat<\/em>\u201d.<\/p>\n\n<p>La t\u00e8cnic de Joventut, Laura Ferrer, ha sigut l&#8217;encarregada de presentar i desgranar els continguts i seccions de la web, \u201c<em>una p\u00e0gina molt senzilla amb diverses seccions<\/em>\u201d com qui som, qu\u00e8 fem, assessories, agenda, espais, que es poden reservar online, carnets, not\u00edcies i contacte. Ferrer ha remarcat que la web s&#8217;erigeix amb un punt important d&#8217;informaci\u00f3 per a qualsevol consulta que puguen tenir els joves.<\/p>\n","protected":false},"excerpt":{"rendered":"<p>La nova web, https:\/\/petrerjove.com\/, pret\u00e9n ser un punt de refer\u00e8ncia informativa per a les persones joves de Petrer. Despr\u00e9s de diversos mesos de treball, avui la regidoria d&#8217;Inf\u00e0ncia i Joventut ha presentat la seua nova imatge corporativa de \u201cPetrerJove\u201d i la seua nova web amb l&#8217;objectiu de \u201cacostar la regidoria i fer-la m\u00e9s atractiva perqu\u00e8 [&hellip;]<\/p>\n","protected":false},"author":1,"featured_media":2303,"comment_status":"closed","ping_status":"closed","sticky":false,"template":"","format":"standard","meta":{"footnotes":""},"categories":[60],"tags":[],"class_list":["post-2302","post","type-post","status-publish","format-standard","has-post-thumbnail","hentry","category-uncategorized-ca"],"yoast_head":"<!-- This site is optimized with the Yoast SEO plugin v27.5 - https:\/\/yoast.com\/product\/yoast-seo-wordpress\/ -->\n<title>Petrer acosta la regidoria de Joventut als joves amb una nova imatge corporativa i una nova web - Petrer Jove<\/title>\n<meta name=\"description\" content=\"Nova imatge corporativa i una nova web Petrer Jove\" \/>\n<meta name=\"robots\" content=\"index, follow, max-snippet:-1, max-image-preview:large, max-video-preview:-1\" \/>\n<link rel=\"canonical\" href=\"https:\/\/petrerjove.com\/ca\/petrer-acosta-la-regidoria-de-joventut-als-joves-amb-una-nova-imatge-corporativa-i-una-nova-web\/\" \/>\n<meta property=\"og:locale\" content=\"ca_ES\" \/>\n<meta property=\"og:type\" content=\"article\" \/>\n<meta property=\"og:title\" content=\"Petrer acosta la regidoria de Joventut als joves amb una nova imatge corporativa i una nova web - Petrer Jove\" \/>\n<meta property=\"og:description\" content=\"Nova imatge corporativa i una nova web Petrer Jove\" \/>\n<meta property=\"og:url\" content=\"https:\/\/petrerjove.com\/ca\/petrer-acosta-la-regidoria-de-joventut-als-joves-amb-una-nova-imatge-corporativa-i-una-nova-web\/\" \/>\n<meta property=\"og:site_name\" content=\"Petrer Jove\" \/>\n<meta property=\"article:publisher\" content=\"https:\/\/www.facebook.com\/petrerjoven\/\" \/>\n<meta property=\"article:published_time\" content=\"2024-04-15T05:58:21+00:00\" \/>\n<meta property=\"article:modified_time\" content=\"2024-04-24T13:12:05+00:00\" \/>\n<meta property=\"og:image\" content=\"https:\/\/petrerjove.com\/wp-content\/uploads\/2024\/04\/noticia_nuevaweb-min.jpg\" \/>\n\t<meta property=\"og:image:width\" content=\"1140\" \/>\n\t<meta property=\"og:image:height\" content=\"766\" \/>\n\t<meta property=\"og:image:type\" content=\"image\/jpeg\" \/>\n<meta name=\"author\" content=\"Wabi\" \/>\n<meta name=\"twitter:card\" content=\"summary_large_image\" \/>\n<meta name=\"twitter:label1\" content=\"Escrit per\" \/>\n\t<meta name=\"twitter:data1\" content=\"Wabi\" \/>\n\t<meta name=\"twitter:label2\" content=\"Temps estimat de lectura\" \/>\n\t<meta name=\"twitter:data2\" content=\"2 minuts\" \/>\n<script type=\"application\/ld+json\" class=\"yoast-schema-graph\">{\"@context\":\"https:\\\/\\\/schema.org\",\"@graph\":[{\"@type\":\"Article\",\"@id\":\"https:\\\/\\\/petrerjove.com\\\/ca\\\/petrer-acosta-la-regidoria-de-joventut-als-joves-amb-una-nova-imatge-corporativa-i-una-nova-web\\\/#article\",\"isPartOf\":{\"@id\":\"https:\\\/\\\/petrerjove.com\\\/ca\\\/petrer-acosta-la-regidoria-de-joventut-als-joves-amb-una-nova-imatge-corporativa-i-una-nova-web\\\/\"},\"author\":{\"name\":\"Wabi\",\"@id\":\"https:\\\/\\\/petrerjove.com\\\/ca\\\/#\\\/schema\\\/person\\\/f7d459758517c59245ab6927ddfd5dec\"},\"headline\":\"Petrer acosta la regidoria de Joventut als joves amb una nova imatge corporativa i una nova web\",\"datePublished\":\"2024-04-15T05:58:21+00:00\",\"dateModified\":\"2024-04-24T13:12:05+00:00\",\"mainEntityOfPage\":{\"@id\":\"https:\\\/\\\/petrerjove.com\\\/ca\\\/petrer-acosta-la-regidoria-de-joventut-als-joves-amb-una-nova-imatge-corporativa-i-una-nova-web\\\/\"},\"wordCount\":499,\"publisher\":{\"@id\":\"https:\\\/\\\/petrerjove.com\\\/ca\\\/#organization\"},\"image\":{\"@id\":\"https:\\\/\\\/petrerjove.com\\\/ca\\\/petrer-acosta-la-regidoria-de-joventut-als-joves-amb-una-nova-imatge-corporativa-i-una-nova-web\\\/#primaryimage\"},\"thumbnailUrl\":\"https:\\\/\\\/petrerjove.com\\\/wp-content\\\/uploads\\\/2024\\\/04\\\/noticia_nuevaweb-min.jpg\",\"articleSection\":[\"Uncategorized @ca\"],\"inLanguage\":\"ca\"},{\"@type\":\"WebPage\",\"@id\":\"https:\\\/\\\/petrerjove.com\\\/ca\\\/petrer-acosta-la-regidoria-de-joventut-als-joves-amb-una-nova-imatge-corporativa-i-una-nova-web\\\/\",\"url\":\"https:\\\/\\\/petrerjove.com\\\/ca\\\/petrer-acosta-la-regidoria-de-joventut-als-joves-amb-una-nova-imatge-corporativa-i-una-nova-web\\\/\",\"name\":\"Petrer acosta la regidoria de Joventut als joves amb una nova imatge corporativa i una nova web - Petrer Jove\",\"isPartOf\":{\"@id\":\"https:\\\/\\\/petrerjove.com\\\/ca\\\/#website\"},\"primaryImageOfPage\":{\"@id\":\"https:\\\/\\\/petrerjove.com\\\/ca\\\/petrer-acosta-la-regidoria-de-joventut-als-joves-amb-una-nova-imatge-corporativa-i-una-nova-web\\\/#primaryimage\"},\"image\":{\"@id\":\"https:\\\/\\\/petrerjove.com\\\/ca\\\/petrer-acosta-la-regidoria-de-joventut-als-joves-amb-una-nova-imatge-corporativa-i-una-nova-web\\\/#primaryimage\"},\"thumbnailUrl\":\"https:\\\/\\\/petrerjove.com\\\/wp-content\\\/uploads\\\/2024\\\/04\\\/noticia_nuevaweb-min.jpg\",\"datePublished\":\"2024-04-15T05:58:21+00:00\",\"dateModified\":\"2024-04-24T13:12:05+00:00\",\"description\":\"Nova imatge corporativa i una nova web Petrer Jove\",\"breadcrumb\":{\"@id\":\"https:\\\/\\\/petrerjove.com\\\/ca\\\/petrer-acosta-la-regidoria-de-joventut-als-joves-amb-una-nova-imatge-corporativa-i-una-nova-web\\\/#breadcrumb\"},\"inLanguage\":\"ca\",\"potentialAction\":[{\"@type\":\"ReadAction\",\"target\":[\"https:\\\/\\\/petrerjove.com\\\/ca\\\/petrer-acosta-la-regidoria-de-joventut-als-joves-amb-una-nova-imatge-corporativa-i-una-nova-web\\\/\"]}]},{\"@type\":\"ImageObject\",\"inLanguage\":\"ca\",\"@id\":\"https:\\\/\\\/petrerjove.com\\\/ca\\\/petrer-acosta-la-regidoria-de-joventut-als-joves-amb-una-nova-imatge-corporativa-i-una-nova-web\\\/#primaryimage\",\"url\":\"https:\\\/\\\/petrerjove.com\\\/wp-content\\\/uploads\\\/2024\\\/04\\\/noticia_nuevaweb-min.jpg\",\"contentUrl\":\"https:\\\/\\\/petrerjove.com\\\/wp-content\\\/uploads\\\/2024\\\/04\\\/noticia_nuevaweb-min.jpg\",\"width\":1140,\"height\":766},{\"@type\":\"BreadcrumbList\",\"@id\":\"https:\\\/\\\/petrerjove.com\\\/ca\\\/petrer-acosta-la-regidoria-de-joventut-als-joves-amb-una-nova-imatge-corporativa-i-una-nova-web\\\/#breadcrumb\",\"itemListElement\":[{\"@type\":\"ListItem\",\"position\":1,\"name\":\"Portada\",\"item\":\"https:\\\/\\\/petrerjove.com\\\/ca\\\/\"},{\"@type\":\"ListItem\",\"position\":2,\"name\":\"Petrer acosta la regidoria de Joventut als joves amb una nova imatge corporativa i una nova web\"}]},{\"@type\":\"WebSite\",\"@id\":\"https:\\\/\\\/petrerjove.com\\\/ca\\\/#website\",\"url\":\"https:\\\/\\\/petrerjove.com\\\/ca\\\/\",\"name\":\"Petrer Jove\",\"description\":\"Concejal\u00eda de Infancia y Juventud de Petrer\",\"publisher\":{\"@id\":\"https:\\\/\\\/petrerjove.com\\\/ca\\\/#organization\"},\"potentialAction\":[{\"@type\":\"SearchAction\",\"target\":{\"@type\":\"EntryPoint\",\"urlTemplate\":\"https:\\\/\\\/petrerjove.com\\\/ca\\\/?s={search_term_string}\"},\"query-input\":{\"@type\":\"PropertyValueSpecification\",\"valueRequired\":true,\"valueName\":\"search_term_string\"}}],\"inLanguage\":\"ca\"},{\"@type\":\"Organization\",\"@id\":\"https:\\\/\\\/petrerjove.com\\\/ca\\\/#organization\",\"name\":\"Concejal\u00eda de Juventud de Petrer\",\"url\":\"https:\\\/\\\/petrerjove.com\\\/ca\\\/\",\"logo\":{\"@type\":\"ImageObject\",\"inLanguage\":\"ca\",\"@id\":\"https:\\\/\\\/petrerjove.com\\\/ca\\\/#\\\/schema\\\/logo\\\/image\\\/\",\"url\":\"https:\\\/\\\/petrerjove.com\\\/wp-content\\\/uploads\\\/2024\\\/02\\\/petrerjove_horizontal.svg\",\"contentUrl\":\"https:\\\/\\\/petrerjove.com\\\/wp-content\\\/uploads\\\/2024\\\/02\\\/petrerjove_horizontal.svg\",\"width\":200,\"height\":70,\"caption\":\"Concejal\u00eda de Juventud de Petrer\"},\"image\":{\"@id\":\"https:\\\/\\\/petrerjove.com\\\/ca\\\/#\\\/schema\\\/logo\\\/image\\\/\"},\"sameAs\":[\"https:\\\/\\\/www.facebook.com\\\/petrerjoven\\\/\",\"https:\\\/\\\/www.instagram.com\\\/petrerjove\\\/\"]},{\"@type\":\"Person\",\"@id\":\"https:\\\/\\\/petrerjove.com\\\/ca\\\/#\\\/schema\\\/person\\\/f7d459758517c59245ab6927ddfd5dec\",\"name\":\"Wabi\",\"image\":{\"@type\":\"ImageObject\",\"inLanguage\":\"ca\",\"@id\":\"https:\\\/\\\/secure.gravatar.com\\\/avatar\\\/02e507ad392b247c4f9092c139a289489ff0fb50a86afa93e2f64721f1f6d2ff?s=96&d=mm&r=g\",\"url\":\"https:\\\/\\\/secure.gravatar.com\\\/avatar\\\/02e507ad392b247c4f9092c139a289489ff0fb50a86afa93e2f64721f1f6d2ff?s=96&d=mm&r=g\",\"contentUrl\":\"https:\\\/\\\/secure.gravatar.com\\\/avatar\\\/02e507ad392b247c4f9092c139a289489ff0fb50a86afa93e2f64721f1f6d2ff?s=96&d=mm&r=g\",\"caption\":\"Wabi\"},\"sameAs\":[\"https:\\\/\\\/petrerjove.com\"]}]}<\/script>\n<!-- \/ Yoast SEO plugin. -->","yoast_head_json":{"title":"Petrer acosta la regidoria de Joventut als joves amb una nova imatge corporativa i una nova web - Petrer Jove","description":"Nova imatge corporativa i una nova web Petrer Jove","robots":{"index":"index","follow":"follow","max-snippet":"max-snippet:-1","max-image-preview":"max-image-preview:large","max-video-preview":"max-video-preview:-1"},"canonical":"https:\/\/petrerjove.com\/ca\/petrer-acosta-la-regidoria-de-joventut-als-joves-amb-una-nova-imatge-corporativa-i-una-nova-web\/","og_locale":"ca_ES","og_type":"article","og_title":"Petrer acosta la regidoria de Joventut als joves amb una nova imatge corporativa i una nova web - Petrer Jove","og_description":"Nova imatge corporativa i una nova web Petrer Jove","og_url":"https:\/\/petrerjove.com\/ca\/petrer-acosta-la-regidoria-de-joventut-als-joves-amb-una-nova-imatge-corporativa-i-una-nova-web\/","og_site_name":"Petrer Jove","article_publisher":"https:\/\/www.facebook.com\/petrerjoven\/","article_published_time":"2024-04-15T05:58:21+00:00","article_modified_time":"2024-04-24T13:12:05+00:00","og_image":[{"width":1140,"height":766,"url":"https:\/\/petrerjove.com\/wp-content\/uploads\/2024\/04\/noticia_nuevaweb-min.jpg","type":"image\/jpeg"}],"author":"Wabi","twitter_card":"summary_large_image","twitter_misc":{"Escrit per":"Wabi","Temps estimat de lectura":"2 minuts"},"schema":{"@context":"https:\/\/schema.org","@graph":[{"@type":"Article","@id":"https:\/\/petrerjove.com\/ca\/petrer-acosta-la-regidoria-de-joventut-als-joves-amb-una-nova-imatge-corporativa-i-una-nova-web\/#article","isPartOf":{"@id":"https:\/\/petrerjove.com\/ca\/petrer-acosta-la-regidoria-de-joventut-als-joves-amb-una-nova-imatge-corporativa-i-una-nova-web\/"},"author":{"name":"Wabi","@id":"https:\/\/petrerjove.com\/ca\/#\/schema\/person\/f7d459758517c59245ab6927ddfd5dec"},"headline":"Petrer acosta la regidoria de Joventut als joves amb una nova imatge corporativa i una nova web","datePublished":"2024-04-15T05:58:21+00:00","dateModified":"2024-04-24T13:12:05+00:00","mainEntityOfPage":{"@id":"https:\/\/petrerjove.com\/ca\/petrer-acosta-la-regidoria-de-joventut-als-joves-amb-una-nova-imatge-corporativa-i-una-nova-web\/"},"wordCount":499,"publisher":{"@id":"https:\/\/petrerjove.com\/ca\/#organization"},"image":{"@id":"https:\/\/petrerjove.com\/ca\/petrer-acosta-la-regidoria-de-joventut-als-joves-amb-una-nova-imatge-corporativa-i-una-nova-web\/#primaryimage"},"thumbnailUrl":"https:\/\/petrerjove.com\/wp-content\/uploads\/2024\/04\/noticia_nuevaweb-min.jpg","articleSection":["Uncategorized @ca"],"inLanguage":"ca"},{"@type":"WebPage","@id":"https:\/\/petrerjove.com\/ca\/petrer-acosta-la-regidoria-de-joventut-als-joves-amb-una-nova-imatge-corporativa-i-una-nova-web\/","url":"https:\/\/petrerjove.com\/ca\/petrer-acosta-la-regidoria-de-joventut-als-joves-amb-una-nova-imatge-corporativa-i-una-nova-web\/","name":"Petrer acosta la regidoria de Joventut als joves amb una nova imatge corporativa i una nova web - Petrer Jove","isPartOf":{"@id":"https:\/\/petrerjove.com\/ca\/#website"},"primaryImageOfPage":{"@id":"https:\/\/petrerjove.com\/ca\/petrer-acosta-la-regidoria-de-joventut-als-joves-amb-una-nova-imatge-corporativa-i-una-nova-web\/#primaryimage"},"image":{"@id":"https:\/\/petrerjove.com\/ca\/petrer-acosta-la-regidoria-de-joventut-als-joves-amb-una-nova-imatge-corporativa-i-una-nova-web\/#primaryimage"},"thumbnailUrl":"https:\/\/petrerjove.com\/wp-content\/uploads\/2024\/04\/noticia_nuevaweb-min.jpg","datePublished":"2024-04-15T05:58:21+00:00","dateModified":"2024-04-24T13:12:05+00:00","description":"Nova imatge corporativa i una nova web Petrer Jove","breadcrumb":{"@id":"https:\/\/petrerjove.com\/ca\/petrer-acosta-la-regidoria-de-joventut-als-joves-amb-una-nova-imatge-corporativa-i-una-nova-web\/#breadcrumb"},"inLanguage":"ca","potentialAction":[{"@type":"ReadAction","target":["https:\/\/petrerjove.com\/ca\/petrer-acosta-la-regidoria-de-joventut-als-joves-amb-una-nova-imatge-corporativa-i-una-nova-web\/"]}]},{"@type":"ImageObject","inLanguage":"ca","@id":"https:\/\/petrerjove.com\/ca\/petrer-acosta-la-regidoria-de-joventut-als-joves-amb-una-nova-imatge-corporativa-i-una-nova-web\/#primaryimage","url":"https:\/\/petrerjove.com\/wp-content\/uploads\/2024\/04\/noticia_nuevaweb-min.jpg","contentUrl":"https:\/\/petrerjove.com\/wp-content\/uploads\/2024\/04\/noticia_nuevaweb-min.jpg","width":1140,"height":766},{"@type":"BreadcrumbList","@id":"https:\/\/petrerjove.com\/ca\/petrer-acosta-la-regidoria-de-joventut-als-joves-amb-una-nova-imatge-corporativa-i-una-nova-web\/#breadcrumb","itemListElement":[{"@type":"ListItem","position":1,"name":"Portada","item":"https:\/\/petrerjove.com\/ca\/"},{"@type":"ListItem","position":2,"name":"Petrer acosta la regidoria de Joventut als joves amb una nova imatge corporativa i una nova web"}]},{"@type":"WebSite","@id":"https:\/\/petrerjove.com\/ca\/#website","url":"https:\/\/petrerjove.com\/ca\/","name":"Petrer Jove","description":"Concejal\u00eda de Infancia y Juventud de Petrer","publisher":{"@id":"https:\/\/petrerjove.com\/ca\/#organization"},"potentialAction":[{"@type":"SearchAction","target":{"@type":"EntryPoint","urlTemplate":"https:\/\/petrerjove.com\/ca\/?s={search_term_string}"},"query-input":{"@type":"PropertyValueSpecification","valueRequired":true,"valueName":"search_term_string"}}],"inLanguage":"ca"},{"@type":"Organization","@id":"https:\/\/petrerjove.com\/ca\/#organization","name":"Concejal\u00eda de Juventud de Petrer","url":"https:\/\/petrerjove.com\/ca\/","logo":{"@type":"ImageObject","inLanguage":"ca","@id":"https:\/\/petrerjove.com\/ca\/#\/schema\/logo\/image\/","url":"https:\/\/petrerjove.com\/wp-content\/uploads\/2024\/02\/petrerjove_horizontal.svg","contentUrl":"https:\/\/petrerjove.com\/wp-content\/uploads\/2024\/02\/petrerjove_horizontal.svg","width":200,"height":70,"caption":"Concejal\u00eda de Juventud de Petrer"},"image":{"@id":"https:\/\/petrerjove.com\/ca\/#\/schema\/logo\/image\/"},"sameAs":["https:\/\/www.facebook.com\/petrerjoven\/","https:\/\/www.instagram.com\/petrerjove\/"]},{"@type":"Person","@id":"https:\/\/petrerjove.com\/ca\/#\/schema\/person\/f7d459758517c59245ab6927ddfd5dec","name":"Wabi","image":{"@type":"ImageObject","inLanguage":"ca","@id":"https:\/\/secure.gravatar.com\/avatar\/02e507ad392b247c4f9092c139a289489ff0fb50a86afa93e2f64721f1f6d2ff?s=96&d=mm&r=g","url":"https:\/\/secure.gravatar.com\/avatar\/02e507ad392b247c4f9092c139a289489ff0fb50a86afa93e2f64721f1f6d2ff?s=96&d=mm&r=g","contentUrl":"https:\/\/secure.gravatar.com\/avatar\/02e507ad392b247c4f9092c139a289489ff0fb50a86afa93e2f64721f1f6d2ff?s=96&d=mm&r=g","caption":"Wabi"},"sameAs":["https:\/\/petrerjove.com"]}]}},"_links":{"self":[{"href":"https:\/\/petrerjove.com\/ca\/wp-json\/wp\/v2\/posts\/2302","targetHints":{"allow":["GET"]}}],"collection":[{"href":"https:\/\/petrerjove.com\/ca\/wp-json\/wp\/v2\/posts"}],"about":[{"href":"https:\/\/petrerjove.com\/ca\/wp-json\/wp\/v2\/types\/post"}],"author":[{"embeddable":true,"href":"https:\/\/petrerjove.com\/ca\/wp-json\/wp\/v2\/users\/1"}],"replies":[{"embeddable":true,"href":"https:\/\/petrerjove.com\/ca\/wp-json\/wp\/v2\/comments?post=2302"}],"version-history":[{"count":1,"href":"https:\/\/petrerjove.com\/ca\/wp-json\/wp\/v2\/posts\/2302\/revisions"}],"predecessor-version":[{"id":2304,"href":"https:\/\/petrerjove.com\/ca\/wp-json\/wp\/v2\/posts\/2302\/revisions\/2304"}],"wp:featuredmedia":[{"embeddable":true,"href":"https:\/\/petrerjove.com\/ca\/wp-json\/wp\/v2\/media\/2303"}],"wp:attachment":[{"href":"https:\/\/petrerjove.com\/ca\/wp-json\/wp\/v2\/media?parent=2302"}],"wp:term":[{"taxonomy":"category","embeddable":true,"href":"https:\/\/petrerjove.com\/ca\/wp-json\/wp\/v2\/categories?post=2302"},{"taxonomy":"post_tag","embeddable":true,"href":"https:\/\/petrerjove.com\/ca\/wp-json\/wp\/v2\/tags?post=2302"}],"curies":[{"name":"wp","href":"https:\/\/api.w.org\/{rel}","templated":true}]}}